{"id":5273,"date":"2020-11-12T15:06:27","date_gmt":"2020-11-12T18:06:27","guid":{"rendered":"https:\/\/pcce.com.ar\/pcce\/?p=5273"},"modified":"2020-11-12T15:06:27","modified_gmt":"2020-11-12T18:06:27","slug":"caba-movemos-en-todxs","status":"publish","type":"post","link":"https:\/\/pcce.com.ar\/pcce\/2020\/11\/12\/caba-movemos-en-todxs\/","title":{"rendered":"CABA: Movemos en Todxs"},"content":{"rendered":"<div class=\"story\">\n<h4 class=\"basic-paragraph\"><span class=\"mayuscula\">CIUDAD AUT\u00d3NOMA DE BUENOS AIRES<\/span><\/h4>\n<\/div>\n<div class=\"story\">\n<h1 class=\"basic-paragraph\">Movemos en Todxs<\/h1>\n<\/div>\n<div class=\"story\">\n<p class=\"capitular-texto-gral\">El pasado 31 de octubre se llev\u00f3 adelante el primer plenario territorial y lanzamiento de Movemos. Este espacio nuevo en la Ciudad de Buenos Aires, surge de la necesidad de construir una fuerza capaz de sumar al Frente de Todxs diversas expresiones de lxs trabajadores, la cultura, los movimientos sociales y los partidos pol\u00edticos para derrotar de una vez por todas al neoliberalismo de CABA, antes representado por Macri y hoy por Larreta. Formamos parte de este armado trabajadorxs de ATE Capital y Subte, el Movimiento Mayo, PCCE, Cumpas, Espacio Puebla, PC, entre otros.<\/p>\n<p class=\"texto-general\">El plenario se desarroll\u00f3 en tres reuniones virtuales donde se agruparon a diferentes comunas y en los que se intercambi\u00f3 sobre el documento fundacional al que se hicieron los aportes propuestos por compa\u00f1eras y compa\u00f1eros. Partiendo de la idea de que otra Ciudad es posible y que en manos del neoliberalismo el distrito m\u00e1s rico del pa\u00eds tiene desigualdades terriblemente profundas: desde la falta de vacantes por la falta de construcci\u00f3n de escuelas, la reducci\u00f3n de espacios verdes, los problemas en salud p\u00fablica, etc., se fueron desarrollando algunas propuestas para abordar las problem\u00e1ticas. Tambi\u00e9n se intercambi\u00f3 sobre c\u00f3mo salir al encuentro de diversos actores que se vean afectados por las pol\u00edticas de la gesti\u00f3n de Juntos por Cambio y sumarlos al espacio de construcci\u00f3n de Movemos.<\/p>\n<p class=\"texto-general\">La Ciudad de Buenos Aires es un basti\u00f3n de la derecha, nuestra tarea es sumar organizaci\u00f3n a la fuerza que encabezan y dirigen Cristina y Alberto. Movemos en el Frente de Todxs tiene la tarea de sumar a quienes todav\u00eda no est\u00e1n organizadoxs para construir una Ciudad m\u00e1s justa, dentro de un Proyecto Nacional, popular, plural y democr\u00e1tico.<\/p>\n<p class=\"texto-general\">Para el cierre, cada una de las organizaciones que somos parte de la junta promotora hicimos un breve saludo, en nuestro caso a trav\u00e9s de la compa\u00f1era Florencia Diasprotti. Las palabras finales estuvieron a cargo de Ang\u00e9lica Graciano y Beto Pianelli.<\/p>\n<\/div>\n","protected":false},"excerpt":{"rendered":"<p>CIUDAD AUT\u00d3NOMA DE BUENOS AIRES Movemos en Todxs El pasado 31 de octubre se llev\u00f3 adelante el primer plenario territorial y lanzamiento de Movemos. Este espacio nuevo en la Ciudad de Buenos Aires, surge de la necesidad de construir una fuerza capaz de sumar al Frente de Todxs diversas expresiones de lxs trabajadores, la cultura, [&hellip;]<\/p>\n","protected":false},"author":1,"featured_media":0,"comment_status":"closed","ping_status":"closed","sticky":false,"template":"","format":"standard","meta":{"tdm_status":"","tdm_grid_status":"","footnotes":""},"categories":[9],"tags":[],"class_list":["post-5273","post","type-post","status-publish","format-standard","hentry","category-vidadepartido"],"_links":{"self":[{"href":"https:\/\/pcce.com.ar\/pcce\/wp-json\/wp\/v2\/posts\/5273","targetHints":{"allow":["GET"]}}],"collection":[{"href":"https:\/\/pcce.com.ar\/pcce\/wp-json\/wp\/v2\/posts"}],"about":[{"href":"https:\/\/pcce.com.ar\/pcce\/wp-json\/wp\/v2\/types\/post"}],"author":[{"embeddable":true,"href":"https:\/\/pcce.com.ar\/pcce\/wp-json\/wp\/v2\/users\/1"}],"replies":[{"embeddable":true,"href":"https:\/\/pcce.com.ar\/pcce\/wp-json\/wp\/v2\/comments?post=5273"}],"version-history":[{"count":0,"href":"https:\/\/pcce.com.ar\/pcce\/wp-json\/wp\/v2\/posts\/5273\/revisions"}],"wp:attachment":[{"href":"https:\/\/pcce.com.ar\/pcce\/wp-json\/wp\/v2\/media?parent=5273"}],"wp:term":[{"taxonomy":"category","embeddable":true,"href":"https:\/\/pcce.com.ar\/pcce\/wp-json\/wp\/v2\/categories?post=5273"},{"taxonomy":"post_tag","embeddable":true,"href":"https:\/\/pcce.com.ar\/pcce\/wp-json\/wp\/v2\/tags?post=5273"}],"curies":[{"name":"wp","href":"https:\/\/api.w.org\/{rel}","templated":true}]}}