{"id":5311,"date":"2020-11-26T01:09:31","date_gmt":"2020-11-26T04:09:31","guid":{"rendered":"https:\/\/pcce.com.ar\/pcce\/?p=5311"},"modified":"2020-11-26T01:09:31","modified_gmt":"2020-11-26T04:09:31","slug":"misiones-caravana-por-el-aporte-extraordinario","status":"publish","type":"post","link":"https:\/\/pcce.com.ar\/pcce\/2020\/11\/26\/misiones-caravana-por-el-aporte-extraordinario\/","title":{"rendered":"MISIONES: Caravana por el aporte extraordinario"},"content":{"rendered":"<p class=\"capitular-texto-gral\">En el marco del debate del proyecto de aporte extraordinario de las grandes fortunas, participamos de la caravana nacional de la militancia junto a distintas organizaciones del Frente de Todxs misionero el pasado 17 de noviembre. La actividad comenz\u00f3 all\u00e1 por las 17 horas y acompa\u00f1\u00f3 gran parte del debate parlamentario. Tras una fotograf\u00eda grupal a la vera del r\u00edo, la caravana inici\u00f3 en la estaci\u00f3n de trenes de la costanera de Posadas y recorri\u00f3 sus distintos barrios y zonas aleda\u00f1as.<\/p>\n<p class=\"texto-general\">En una provincia donde la esencia oportunista del gobierno de la Renovaci\u00f3n permanece intacta, la intenci\u00f3n fue tambi\u00e9n manifestar el apoyo al gobierno de Alberto y Cristina y demostrar que las calles siguen perteneciendo al campo popular. En confluencia, una movilizaci\u00f3n popular marchaba por el centro de la ciudad capital en el D\u00eda de la Militancia y en respaldo al proyecto de un aporte solidario.<\/p>\n","protected":false},"excerpt":{"rendered":"<p>En el marco del debate del proyecto de aporte extraordinario de las grandes fortunas, participamos de la caravana nacional de la militancia junto a distintas organizaciones del Frente de Todxs misionero el pasado 17 de noviembre. La actividad comenz\u00f3 all\u00e1 por las 17 horas y acompa\u00f1\u00f3 gran parte del debate parlamentario. Tras una fotograf\u00eda grupal [&hellip;]<\/p>\n","protected":false},"author":1,"featured_media":5297,"comment_status":"closed","ping_status":"closed","sticky":false,"template":"","format":"standard","meta":{"tdm_status":"","tdm_grid_status":"","footnotes":""},"categories":[9],"tags":[],"class_list":["post-5311","post","type-post","status-publish","format-standard","has-post-thumbnail","hentry","category-vidadepartido"],"_links":{"self":[{"href":"https:\/\/pcce.com.ar\/pcce\/wp-json\/wp\/v2\/posts\/5311","targetHints":{"allow":["GET"]}}],"collection":[{"href":"https:\/\/pcce.com.ar\/pcce\/wp-json\/wp\/v2\/posts"}],"about":[{"href":"https:\/\/pcce.com.ar\/pcce\/wp-json\/wp\/v2\/types\/post"}],"author":[{"embeddable":true,"href":"https:\/\/pcce.com.ar\/pcce\/wp-json\/wp\/v2\/users\/1"}],"replies":[{"embeddable":true,"href":"https:\/\/pcce.com.ar\/pcce\/wp-json\/wp\/v2\/comments?post=5311"}],"version-history":[{"count":0,"href":"https:\/\/pcce.com.ar\/pcce\/wp-json\/wp\/v2\/posts\/5311\/revisions"}],"wp:featuredmedia":[{"embeddable":true,"href":"https:\/\/pcce.com.ar\/pcce\/wp-json\/wp\/v2\/media\/5297"}],"wp:attachment":[{"href":"https:\/\/pcce.com.ar\/pcce\/wp-json\/wp\/v2\/media?parent=5311"}],"wp:term":[{"taxonomy":"category","embeddable":true,"href":"https:\/\/pcce.com.ar\/pcce\/wp-json\/wp\/v2\/categories?post=5311"},{"taxonomy":"post_tag","embeddable":true,"href":"https:\/\/pcce.com.ar\/pcce\/wp-json\/wp\/v2\/tags?post=5311"}],"curies":[{"name":"wp","href":"https:\/\/api.w.org\/{rel}","templated":true}]}}