{"id":5404,"date":"2021-03-05T10:10:04","date_gmt":"2021-03-05T13:10:04","guid":{"rendered":"https:\/\/pcce.com.ar\/pcce\/?p=5404"},"modified":"2021-03-05T10:10:04","modified_gmt":"2021-03-05T13:10:04","slug":"undav-unla-estudiantes-movilizados-contra-el-covid-19","status":"publish","type":"post","link":"https:\/\/pcce.com.ar\/pcce\/2021\/03\/05\/undav-unla-estudiantes-movilizados-contra-el-covid-19\/","title":{"rendered":"UNDAV &#8211; UNLa: Estudiantes movilizados contra el COVID 19"},"content":{"rendered":"<div class=\"_idGenObjectLayout-1\">\n<div id=\"_idContainer098\">\n<div id=\"_idContainer097\" class=\"Marco-de-texto-b-sico\">\n<h4 class=\"P-rrafo-b-sico\"><span class=\"Mayuscula CharOverride-21\">UNDAV &#8211; UNLa<\/span><\/h4>\n<\/div>\n<\/div>\n<\/div>\n<div id=\"_idContainer099\" class=\"Marco-de-texto-b-sico\">\n<h1 class=\"P-rrafo-b-sico ParaOverride-2\"><span class=\"CharOverride-23\">Estudiantes <\/span><span class=\"CharOverride-23\">movilizados <\/span><span class=\"CharOverride-23\">contra el <\/span><span class=\"CharOverride-23\">COVID 19<\/span><\/h1>\n<\/div>\n<div id=\"_idContainer100\" class=\"Marco-de-texto-b-sico\">\n<p class=\"Capitular---texto-gral\"><span class=\"_idGenDropcap-1\">\u00a0D<\/span>\u00edas atr\u00e1s realizamos una capacitaci\u00f3n virtual sobre vacunaci\u00f3n contra el COVID-19 para estudiantes de Enfermer\u00eda de UNDAV y UNLa. Esta charla tuvo lugar en el marco de los voluntariados en salud comunitaria que impulsamos en estos espacios universitarios de la Zona Sur de la Provincia de Buenos Aires.<\/p>\n<p class=\"Texto-general\">\u00a0La charla estuvo a cargo de la Dra. Florencia Cahn (SAVE) y las integrantes del Equipo del Centro Ruso UBA: Lic. Marisa L\u00f3pez, Lic. Mar\u00eda Vacirca y la directora del centro Silvana Jormoluk. Este encuentro cont\u00f3 con la presencia de 70 voluntarixs, quienes salieron el siguiente s\u00e1bado a colaborar de forma organizada en la inscripci\u00f3n y concientizaci\u00f3n de vecinxs de Almirante Brown, Avellaneda y Lan\u00fas.<\/p>\n<p class=\"Texto-general\">\u00a0Estas actividades van en consonancia con la inscripci\u00f3n que realiza el gobierno de la Provincia con Axel a la cabeza, y contra la campa\u00f1a privatizadora y antipopular orquestada por la derecha argentina.<\/p>\n<\/div>\n<div class=\"_idGenObjectLayout-1\">\n<div id=\"_idContainer101\" class=\"_idGenObjectStyleOverride-11\"><\/div>\n<\/div>\n<div class=\"_idGenObjectLayout-1\">\n<div id=\"_idContainer102\" class=\"_idGenObjectStyleOverride-1\"><img decoding=\"async\" class=\"_idGenObjectAttribute-1\" src=\"NP354_DEF-web-resources\/image\/LOGO_PCCE..png\" alt=\"\" \/><\/div>\n<\/div>\n","protected":false},"excerpt":{"rendered":"<p>UNDAV &#8211; UNLa Estudiantes movilizados contra el COVID 19 \u00a0D\u00edas atr\u00e1s realizamos una capacitaci\u00f3n virtual sobre vacunaci\u00f3n contra el COVID-19 para estudiantes de Enfermer\u00eda de UNDAV y UNLa. Esta charla tuvo lugar en el marco de los voluntariados en salud comunitaria que impulsamos en estos espacios universitarios de la Zona Sur de la Provincia de [&hellip;]<\/p>\n","protected":false},"author":1,"featured_media":0,"comment_status":"closed","ping_status":"closed","sticky":false,"template":"","format":"standard","meta":{"tdm_status":"","tdm_grid_status":"","footnotes":""},"categories":[37,9],"tags":[],"class_list":["post-5404","post","type-post","status-publish","format-standard","hentry","category-estudiantil","category-vidadepartido"],"_links":{"self":[{"href":"https:\/\/pcce.com.ar\/pcce\/wp-json\/wp\/v2\/posts\/5404","targetHints":{"allow":["GET"]}}],"collection":[{"href":"https:\/\/pcce.com.ar\/pcce\/wp-json\/wp\/v2\/posts"}],"about":[{"href":"https:\/\/pcce.com.ar\/pcce\/wp-json\/wp\/v2\/types\/post"}],"author":[{"embeddable":true,"href":"https:\/\/pcce.com.ar\/pcce\/wp-json\/wp\/v2\/users\/1"}],"replies":[{"embeddable":true,"href":"https:\/\/pcce.com.ar\/pcce\/wp-json\/wp\/v2\/comments?post=5404"}],"version-history":[{"count":0,"href":"https:\/\/pcce.com.ar\/pcce\/wp-json\/wp\/v2\/posts\/5404\/revisions"}],"wp:attachment":[{"href":"https:\/\/pcce.com.ar\/pcce\/wp-json\/wp\/v2\/media?parent=5404"}],"wp:term":[{"taxonomy":"category","embeddable":true,"href":"https:\/\/pcce.com.ar\/pcce\/wp-json\/wp\/v2\/categories?post=5404"},{"taxonomy":"post_tag","embeddable":true,"href":"https:\/\/pcce.com.ar\/pcce\/wp-json\/wp\/v2\/tags?post=5404"}],"curies":[{"name":"wp","href":"https:\/\/api.w.org\/{rel}","templated":true}]}}