{"id":5479,"date":"2021-04-20T08:58:22","date_gmt":"2021-04-20T11:58:22","guid":{"rendered":"https:\/\/pcce.com.ar\/pcce\/?p=5479"},"modified":"2021-04-20T08:58:22","modified_gmt":"2021-04-20T11:58:22","slug":"24-de-marzo-un-partido-en-la-calle-y-con-memoria","status":"publish","type":"post","link":"https:\/\/pcce.com.ar\/pcce\/2021\/04\/20\/24-de-marzo-un-partido-en-la-calle-y-con-memoria\/","title":{"rendered":"24 DE MARZO: Un Partido en la calle y con memoria"},"content":{"rendered":"<div id=\"_idContainer069\" class=\"Marco-de-texto-b-sico\">\n<div id=\"_idContainer070\" class=\"Marco-de-texto-b-sico\">\n<h4 class=\"P-rrafo-b-sico\"><span class=\"Mayuscula CharOverride-3\">24 DE MARZO<\/span><\/h4>\n<\/div>\n<div id=\"_idContainer071\" class=\"Marco-de-texto-b-sico\">\n<h1 class=\"P-rrafo-b-sico ParaOverride-3\"><span class=\"CharOverride-20\">Un Partido en la calle y <\/span><span class=\"CharOverride-20\">con memoria<\/span><\/h1>\n<\/div>\n<div id=\"_idContainer072\" class=\"Marco-de-texto-b-sico\">\n<h6 class=\"Copete-general\"><span class=\"CharOverride-5\">En un contexto de crecientes agresiones por parte de la derecha neoliberal, y con el impulso pol\u00edtico que dieron el discurso de Alberto en el Congreso Nacional y el alegato de Cristina por la causa D\u00f3lar futuro, mayores son las razones para reforzar la lucha en la calle.<\/span><\/h6>\n<p>&nbsp;<\/p>\n<\/div>\n<p class=\"Capitular---texto-gral\"><span class=\"_idGenDropcap-1\">E<\/span>n C\u00f3rdoba organizamos junto a las fuerzas del FdT el Encuentro por la Memoria en el Centro Cultural Takay Nina en la ciudad de Santa Mar\u00eda de Punilla. El mismo cont\u00f3 con participaciones art\u00edsticas y un conversatorio con la sobreviviente de secuestro Cristina Bustamante. El camarada Fernando Mart\u00edn fue el encargado de la lectura del documento frentista en recuerdo de los 30 mil.<\/p>\n<p class=\"Texto-general\">Desde el espacio Juicio y Castigo en Rosario, Santa Fe, participamos de la comisi\u00f3n de redacci\u00f3n del documento final que se ley\u00f3 en el acto realizado en el Monumento a la Bandera. All\u00ed se homenaje\u00f3 al recientemente fallecido dirigente de H.I.J.O.S Rosario, Juane Basso Feresin. Tambi\u00e9n los y las camaradas realizaron murales, v\u00eddeos alusivos a la fecha y un compendio de fotograf\u00edas con la consigna Plantamos Memoria.<\/p>\n<p class=\"Texto-general\">En Entre R\u00edos tambi\u00e9n nos plegamos a la campa\u00f1a organizada por las Madres y plantamos memoria en Paran\u00e1. Con la presencia del nieto restituido Gast\u00f3n Menna, se plant\u00f3 un ejemplar de palo borracho en el complejo CIC 2 de la ciudad capital.<\/p>\n<p class=\"Texto-general\">En la provincia de Buenos Aires una enormidad de iniciativas se contabilizaron para repudiar el golpe genocida y mantener viva la memoria de los 30 mil compa\u00f1eros detenidos desaparecidos. Tambi\u00e9n se pusieron de relieve los reclamos actuales por una verdadera justicia y la liberaci\u00f3n de los presos pol\u00edticos que el macrismo dej\u00f3. Tal es el caso de los camaradas de La Plata, que rodearon el Palacio de Justicia local de pa\u00f1uelos con consignas y banderas exigiendo una reforma judicial. A eso le sumaron pintadas y la participaci\u00f3n en la caravana de autos convocada por los organismos de DDHH que cerr\u00f3 en calle 8 y 50 con la lectura de un documento conmemorativo.<\/p>\n<p class=\"Texto-general\">El 23 de marzo fuimos protagonistas de la vigilia conmemorativa<\/p>\n<p class=\"Texto-general\">en General Rodr\u00edguez, donde la camarada Florencia Gelvez ley\u00f3 el documento institucional antes de las palabras del Intendente Garc\u00eda. El propio 24, tras el discurso del compa\u00f1ero Fernando Vera en sesiones ordinarias, plantamos \u00e1rboles en los Museos Ferroviario e Hist\u00f3rico y en la Plaza de DD.HH. del municipio.<\/p>\n<p class=\"Texto-general ParaOverride-4\">Como todos los a\u00f1os, la Comisi\u00f3n local por la Memoria, la Verdad y la Justicia de General Villegas realiz\u00f3 su actividad conmemorativa por la fecha. En esta oportunidad se pleg\u00f3 a la campa\u00f1a nacional organizada por las queridas Madres y se plantaron nueve plantas, una por cada detenido desaparecido de la ciudad. En representaci\u00f3n del Partido, el camarada Alejandro Balbi tuvo el honor de plantar uno de los nueve ejemplares y leer la<\/p>\n<p class=\"Texto-general\">biograf\u00eda que recordara a la figura homenajeada.<\/p>\n<p class=\"Texto-general\">En Tres de Febrero la campa\u00f1a Plantamos Memoria se hizo fuerte en cada barrio a la par de m\u00faltiples iniciativas. En Derqui se destac\u00f3 la intervenci\u00f3n del camarada Iv\u00e1n Vel\u00e1zquez para conmemorar a los detenidos desaparecidos en una actividad presenciada por el compa\u00f1ero Juan Debandi. Adem\u00e1s, vestimos el t\u00fanel de Caseros con la pancarta: \u201cSon 30.000 \u2013 PCCE\u201d y plantamos \u00e1rboles en Villa Raffo y Ciudadela.<\/p>\n<p class=\"Texto-general\">En La Matanza predominaron las pintadas de pa\u00f1uelos blancos y siluetas en plazas.<\/p>\n<p class=\"Texto-general\">En otros municipios se rescat\u00f3 el car\u00e1cter econ\u00f3mico de la lucha actual: \u201cSon 30 Mil. Patria o FMI &#8211; Que la deuda la pague Macri\u201d se le\u00eda en las pintadas de Vicente L\u00f3pez y San Isidro donde participaron gran cantidad de compa\u00f1eros empu\u00f1ando pinceles.<\/p>\n<p class=\"Texto-general\">Por el lado sur del Conurbano concurrimos desde la UNLa a la charla \u201cPlantando Memoria, sembrando futuro: los desaf\u00edos para los DDHH a 45 a\u00f1os del Golpe\u201d junto al Dr. Pablo Narvaja, Vicerrector de la Universidad de Lan\u00fas, Horacio Pietragalla Corti, Secretario de DDHH de la Naci\u00f3n y diferentes dirigentes del campo nacional y popular. En paralelo, en Villa Caraza pintamos un mural en el local del Partido y plantamos un \u00e1rbol en la puerta. Tambi\u00e9n fuimos parte de la conmemoraci\u00f3n realizada en el Ateneo de Lomas donde se plantaron \u00e1rboles bajo un mural de N\u00e9stor Kirchner.<\/p>\n<p class=\"Texto-general\">En Quilmes se hicieron volanteadas, pegatinas, pintadas y plantaron dos \u00e1rboles junto a una placa en la ex F\u00e1brica Saiar en homenaje al camarada desaparecido H\u00e9ctor P\u00e9rez. Adem\u00e1s, se form\u00f3 parte de las actividades en el ex centro clandestino de detenci\u00f3n Pozo de Quilmes y nos plegamos a la robusta caravana en memoria de las v\u00edctimas de la dictadura.<\/p>\n<p class=\"Texto-general\">En Avellaneda desde la agrupaci\u00f3n Oktubre de la UNDAV se plantaron \u00e1rboles en distintos puntos del municipio y como Centro Cultural El Tu\u00f1\u00f3n encabezamos un acto organizado desde el frente Somos Cultura en plaza Alsina. Al mismo tiempo, en Almirante Brown, plantamos memoria en la Plaza Cerreti de Adrogu\u00e9. All\u00ed el camarada Lucas Ag\u00fcero destac\u00f3 la necesidad de ser continuidad de la lucha por la Memoria y mantener el compromiso de los y las comunistas con las Madres y Abuelas de Plaza de Mayo.<\/p>\n<p class=\"Texto-general\">Tambi\u00e9n se destac\u00f3 la acci\u00f3n militante en gran parte de las comunas de la Capital Federal. Se organiz\u00f3 una Jornada por la Memoria con actividades pl\u00e1sticas para ni\u00f1os, m\u00fasica y videos en la Casa Cultural Tejada G\u00f3mez de Barracas; adem\u00e1s de intervenciones art\u00edsticas en las plazas de Almagro y en la Villa 31, donde se confluy\u00f3 con las fuerzas del FdT para plantar \u00e1rboles.<\/p>\n<p class=\"Texto-general\">En la Plaza de los Vecinos de Villa Pueyrred\u00f3n participamos desde Unidad Barrial en la organizaci\u00f3n de la campa\u00f1a Plantamos Memoria, donde la camarada Julia Dor\u00edn en su intervenci\u00f3n record\u00f3 las luchas de ayer y de hoy; mientras que el Centro Cultural Che Pugliese de la comuna 11 logr\u00f3 contar con buena participaci\u00f3n vecinal en lo que fue un pa\u00f1uelazo por la memoria y pintadas de pa\u00f1uelos blancos en su esquina en una jornada de pura reflexi\u00f3n y militancia a 45 a\u00f1os del golpe genocida.<\/p>\n<\/div>\n","protected":false},"excerpt":{"rendered":"<p>24 DE MARZO Un Partido en la calle y con memoria En un contexto de crecientes agresiones por parte de la derecha neoliberal, y con el impulso pol\u00edtico que dieron el discurso de Alberto en el Congreso Nacional y el alegato de Cristina por la causa D\u00f3lar futuro, mayores son las razones para reforzar la [&hellip;]<\/p>\n","protected":false},"author":1,"featured_media":5466,"comment_status":"closed","ping_status":"closed","sticky":false,"template":"","format":"standard","meta":{"tdm_status":"","tdm_grid_status":"","footnotes":""},"categories":[4,9],"tags":[],"class_list":["post-5479","post","type-post","status-publish","format-standard","has-post-thumbnail","hentry","category-featured","category-vidadepartido"],"_links":{"self":[{"href":"https:\/\/pcce.com.ar\/pcce\/wp-json\/wp\/v2\/posts\/5479","targetHints":{"allow":["GET"]}}],"collection":[{"href":"https:\/\/pcce.com.ar\/pcce\/wp-json\/wp\/v2\/posts"}],"about":[{"href":"https:\/\/pcce.com.ar\/pcce\/wp-json\/wp\/v2\/types\/post"}],"author":[{"embeddable":true,"href":"https:\/\/pcce.com.ar\/pcce\/wp-json\/wp\/v2\/users\/1"}],"replies":[{"embeddable":true,"href":"https:\/\/pcce.com.ar\/pcce\/wp-json\/wp\/v2\/comments?post=5479"}],"version-history":[{"count":0,"href":"https:\/\/pcce.com.ar\/pcce\/wp-json\/wp\/v2\/posts\/5479\/revisions"}],"wp:featuredmedia":[{"embeddable":true,"href":"https:\/\/pcce.com.ar\/pcce\/wp-json\/wp\/v2\/media\/5466"}],"wp:attachment":[{"href":"https:\/\/pcce.com.ar\/pcce\/wp-json\/wp\/v2\/media?parent=5479"}],"wp:term":[{"taxonomy":"category","embeddable":true,"href":"https:\/\/pcce.com.ar\/pcce\/wp-json\/wp\/v2\/categories?post=5479"},{"taxonomy":"post_tag","embeddable":true,"href":"https:\/\/pcce.com.ar\/pcce\/wp-json\/wp\/v2\/tags?post=5479"}],"curies":[{"name":"wp","href":"https:\/\/api.w.org\/{rel}","templated":true}]}}