{"id":5522,"date":"2021-04-23T11:21:42","date_gmt":"2021-04-23T14:21:42","guid":{"rendered":"https:\/\/pcce.com.ar\/pcce\/?p=5522"},"modified":"2021-04-23T11:21:42","modified_gmt":"2021-04-23T14:21:42","slug":"la-salud-y-la-vida-o-la-tragedia-planificada","status":"publish","type":"post","link":"https:\/\/pcce.com.ar\/pcce\/2021\/04\/23\/la-salud-y-la-vida-o-la-tragedia-planificada\/","title":{"rendered":"La salud y la vida, o la tragedia planificada"},"content":{"rendered":"<div id=\"_idContainer061\" class=\"Marco-de-texto-b-sico\">\n<div id=\"_idContainer058\" class=\"Marco-de-texto-b-sico\">\n<h4 class=\"Titulo-2\"><span class=\"CharOverride-16\">FRENTE A LA EMERGENCIA DE LA SEGUNDA OLA<\/span><\/h4>\n<\/div>\n<h1 class=\"Titulo-2\"><span class=\"CharOverride-19\">La salud y la vida, o la tragedia planificada<\/span><\/h1>\n<h6><span class=\"CharOverride-8\">El aumento exponencial de los contagios, con foco en la Ciudad Aut\u00f3noma de Buenos Aires, y la inminencia de un colapso del sistema hospitalario en la regi\u00f3n del AMBA llev\u00f3 al presidente a decretar nuevas medidas de restricci\u00f3n a la circulaci\u00f3n.<\/span><\/h6>\n<\/div>\n<div id=\"_idContainer062\" class=\"Marco-de-texto-b-sico\">\n<p class=\"Capitular---texto-gral\"><span class=\"_idGenDropcap-1\">L<\/span>a reacci\u00f3n de Larreta y de todo Juntos por el Cambio fue obstruir las medidas y recurrir a la inefable justicia de CABA y la Corte para hundir el decreto del presidente.<\/p>\n<p class=\"Texto-general\"><span class=\"CharOverride-20\">Larreta utiliza la excusa de la defensa de la educaci\u00f3n para cuestionar las medidas de cuidado de Alberto y llamar a la rebeld\u00eda, amparado en grupos min\u00fasculos de agitadores de cacerolas y usuarios de escuelas privadas que en estos d\u00edas intentan montar un show y pegarle tambi\u00e9n a Kicillof en la provincia. Luego de 14 a\u00f1os de gobiernos macristas que recortaron el presupuesto educativo en la Ciudad y con una inversi\u00f3n actual en el \u00e1rea que es la menor de su historia, se erigen en paladines del derecho a la educaci\u00f3n. M\u00e1s de un a\u00f1o de pandemia<\/span><span class=\"CharOverride-20\"> y no hicieron nada para solucionar el problema de la conectividad de miles de pibes que ahora se quedan en un limbo sin clases virtuales. Tampoco han hecho un esfuerzo por pensar un sistema alternativo de transporte que permita descongestionar el sistema p\u00fablico. <\/span><\/p>\n<p class=\"Texto-general\"><span class=\"CharOverride-20\">La estrategia de Juntos por el Cambio desde que comenz\u00f3 esta pandemia fue la de oponerse a todo y responsabilizar al gobierno, hablando de \u201cinfectadura\u201d, del fracaso de la campa\u00f1a de vacunaci\u00f3n, cuando al principio convocaron a movilizarse contra las vacunas. Con esto se desnuda la trama de una derecha que desde un inicio ha fomentado el caos y que como no les alcanza con confundir para manipular subjetividad del pueblo, lo que busca, el fin \u00faltimo, es acumular muertes y contagios para desestabilizar pol\u00edticamente lo m\u00e1s r\u00e1pido posible. Las recientes definiciones de Larreta de desconocer el fallo de la justicia federal que obliga a acatar el DNU ocurren al mismo tiempo que arrecia la ofensiva contra el gobierno encabezada por los monopolios formadores de precios y sus organizaciones empresarias, a las que se sum\u00f3 la C\u00e1mara de Comercio de los Estados Unidos, que nuclea a las multinacionales norteamericanas con el objetivo de resistir por cualquier medio tanto los controles de precios, como la informaci\u00f3n pedida por el gobierno en las distintas instancias de las cadenas de valor. <\/span><\/p>\n<p class=\"Texto-general\"><span class=\"CharOverride-20\">Con la realidad muy complicada en el sistema de salud por la pandemia, sin disponibilidad de camas en UCI, Larreta le otorga un pabell\u00f3n del Hospital Mu\u00f1iz al sector privado que est\u00e1 colapsado. Lo mismo sucede con las vacunas y los respiradores que le solicit\u00f3 a Naci\u00f3n para suplir los que le entreg\u00f3 a las prepagas. La autonom\u00eda de su pol\u00edtica privatizadora y clasista se solventa con los recursos de todo el pa\u00eds. <\/span><\/p>\n<p class=\"Texto-general\"><span class=\"CharOverride-20\">Con el salto exponencial de los contagios, se configura un escenario de mucha gravedad y la tragedia ya est\u00e1 dando vuelta la esquina. La t\u00e1ctica negacionista de JxC es crear un falso debate sobre algo secundario para evadir lo principal, que es que Argentina est\u00e1 en los 30 mil casos diarios, la edad donde m\u00e1s crece es la franja de 10-19 a\u00f1os y empiezan las hospitalizaciones de ni\u00f1os por COVID. Larreta, como el virus, est\u00e1 mutando: pas\u00f3 de ser paloma a Bolsonaro municipal.<\/span><\/p>\n<p class=\"Texto-general\"><span class=\"CharOverride-20\">Mientras tanto llegan cantidad de vacunas al pa\u00eds, y se anunci\u00f3 la fabricaci\u00f3n de la vacuna Sputnik V en la Argentina, por un convenio entre el Fondo Ruso de Inversi\u00f3n Directa y el Estado argentino. Vacunar, vacunar y vacunar es la tarea, como se\u00f1ala el gobierno de la Provincia de Buenos Aires. Van a multiplicar el ruido y la ofensiva va a recrudecer porque se juega el futuro de nuestro pa\u00eds en esta gesta. El macrismo no tiene nada que ofrecer que no sea multiplicar muertes y crear caos. Esa es su plataforma para las pr\u00f3ximas elecciones.<\/span><\/p>\n<p><span class=\"CharOverride-14\">ALBERTO FERN\u00c1NDEZ:<\/span><\/p>\n<div id=\"_idContainer041\" class=\"_idGenObjectStyleOverride-1\">\n<ul>\n<li class=\"ParaOverride-3\"><span class=\"CharOverride-13\">\u00abD\u00e9jenme darles un dato: estamos transcurriendo la semana n\u00famero 15 y en la semana 10, hace apenas un mes atr\u00e1s, acumulamos 45.498 casos de contagios; la semana que acaba de terminar acumulamos 122.468 casos y la semana que va ocurriendo, va a superar esa cifra. Eso lo que nos est\u00e1 indicando es que hemos multiplicado m\u00e1s que por dos la cantidad de contagios, en tan s\u00f3lo un mes.\u201d<\/span><\/li>\n<li class=\"ParaOverride-3\"><span class=\"CharOverride-13\">\u00abYo les pido a cada uno de ustedes que entendamos el momento crucial que vivimos, que sepan que no me mueve ning\u00fan inter\u00e9s pol\u00edtico en lo que hoy estoy proponi\u00e9ndoles, que no estoy ac\u00e1 planteando estas cosas para ver de qu\u00e9 modo lucro pol\u00edticamente, que lo \u00fanico que me importa es preservar la salud de los argentinos.\u201d <\/span><\/li>\n<li class=\"ParaOverride-3\"><span class=\"CharOverride-13\">\u00abLes pido que entiendan que lo que nos est\u00e1 pasando le est\u00e1 pasando al mundo entero en este mismo instante, y que por ese motivo tenemos que ser muy precavidos.<\/span><\/li>\n<\/ul>\n<\/div>\n<div class=\"_idGenObjectLayout-1\">\n<div id=\"_idContainer055\">\n<div id=\"_idContainer054\" class=\"_idGenObjectStyleOverride-1\">\n<p>AXEL KICILLOF<\/p>\n<ul>\n<li>\u00abY yo entiendo el deseo y la preocupaci\u00f3n del Jefe de Gobierno, pero yo tengo una responsabilidad y la voy a hacer cumplir. \u201c<\/li>\n<li>\u00abSi bien el epicentro de la pandemia hoy es la Ciudad de Buenos Aires, la experiencia da cuenta de que luego se extiende al Conurbano, al interior de la Provincia y a todo el pa\u00eds. Todos los especialistas y los epidemi\u00f3logos afirman que es imperioso detener el ritmo de contagios en la zona metropolitana.\u201d<\/li>\n<li><span class=\"CharOverride-13\">\u00abLo que no tiene rigor cient\u00edfico es que en el peor momento epidemiol\u00f3gico dejemos las cosas como est\u00e1n. El criterio es el mismo de siempre: cuando hay m\u00e1s casos se debe reducir la movilidad, por eso ahora necesitamos redoblar los cuidados para desacelerar el ritmo de los contagios. Durante este tiempo vamos a dedicarnos a vacunar, porque de esta forma ya hemos superado los dos millones de bonaerenses inmunizados con la primera dosis\u201d.<\/span><\/li>\n<\/ul>\n<\/div>\n<\/div>\n<\/div>\n<div id=\"_idContainer041\" class=\"_idGenObjectStyleOverride-1\"><\/div>\n<\/div>\n<div class=\"_idGenObjectLayout-1\">\n<div id=\"_idContainer066\" class=\"_idGenObjectStyleOverride-11\"><\/div>\n<\/div>\n<div id=\"_idContainer067\" class=\"_idGenObjectStyleOverride-1\">\n<ul>\n<li class=\"ParaOverride-4\"><span class=\"CharOverride-21\">CABA es el distrito que m\u00e1s vacunas recibi\u00f3 cada 100 mil habitantes y en cantidad de dosis por poblaci\u00f3n, sin embargo s\u00f3lo vacun\u00f3 al 14% de los docentes y no se inici\u00f3 el plan integral para el sector, a pesar de que el gobierno nacional envi\u00f3 33.300 vacunas para asegurar la presencialidad. Larreta solo aplico 15.900 y el resto d\u00f3nde est\u00e1n.<\/span><\/li>\n<li class=\"ParaOverride-4\"><span class=\"CharOverride-21\">En Provincia de Buenos Aires el plan p\u00fablico, gratuito y optativo de vacunaci\u00f3n contra el Covid-19 ya alcanz\u00f3 al 94% del personal de salud; al 74% de los mayores de 70 a\u00f1os; al 45% de la poblaci\u00f3n que tiene entre 60 y 70 a\u00f1os e integra grupos de riesgo; a la mitad de la comunidad educativa y a un tercio de las fuerzas de seguridad.<\/span><\/li>\n<li class=\"ParaOverride-4\"><span class=\"CharOverride-21\">CABA tuvo en promedio 700 casos por cada 100 mil habitantes en la \u00faltima semana. Con estas cifras en ning\u00fan lugar se mantuvieron las escuelas abiertas. El gobierno de CABA tuvo sobre la mesa decenas de propuestas para bajar la circulaci\u00f3n antes de tener que cortar con la presencialidad, y se opuso a todas. <\/span><\/li>\n<li class=\"ParaOverride-4\"><span class=\"CharOverride-21\">El Hospital de Ni\u00f1os Ricardo Guti\u00e9rrez <\/span><span class=\"CharOverride-21\">enfrenta una alarmante situaci\u00f3n producto del aumento vertiginoso de casos de coronavirus en las \u00faltimas semanas: ya hay una decena de chicos y chicas internados por COVID y hay dos que tuvieron que ser trasladados a terapia intensiva. En la mayor\u00eda de los casos, terminan padeciendo el S\u00edndrome Inflamatorio Multisist\u00e9mico (PIMS o MIS-C), que provoca complicaciones, muchas veces a nivel circulatorio. Tambi\u00e9n a nivel intestinal, diarrea, v\u00f3mitos, fiebre, dolor muscular y muchas veces quedan con secuelas.<\/span><\/li>\n<\/ul>\n<\/div>\n","protected":false},"excerpt":{"rendered":"<p>FRENTE A LA EMERGENCIA DE LA SEGUNDA OLA La salud y la vida, o la tragedia planificada El aumento exponencial de los contagios, con foco en la Ciudad Aut\u00f3noma de Buenos Aires, y la inminencia de un colapso del sistema hospitalario en la regi\u00f3n del AMBA llev\u00f3 al presidente a decretar nuevas medidas de restricci\u00f3n [&hellip;]<\/p>\n","protected":false},"author":1,"featured_media":5497,"comment_status":"closed","ping_status":"closed","sticky":false,"template":"","format":"standard","meta":{"tdm_status":"","tdm_grid_status":"","footnotes":""},"categories":[4,39],"tags":[],"class_list":["post-5522","post","type-post","status-publish","format-standard","has-post-thumbnail","hentry","category-featured","category-nota-central"],"_links":{"self":[{"href":"https:\/\/pcce.com.ar\/pcce\/wp-json\/wp\/v2\/posts\/5522","targetHints":{"allow":["GET"]}}],"collection":[{"href":"https:\/\/pcce.com.ar\/pcce\/wp-json\/wp\/v2\/posts"}],"about":[{"href":"https:\/\/pcce.com.ar\/pcce\/wp-json\/wp\/v2\/types\/post"}],"author":[{"embeddable":true,"href":"https:\/\/pcce.com.ar\/pcce\/wp-json\/wp\/v2\/users\/1"}],"replies":[{"embeddable":true,"href":"https:\/\/pcce.com.ar\/pcce\/wp-json\/wp\/v2\/comments?post=5522"}],"version-history":[{"count":0,"href":"https:\/\/pcce.com.ar\/pcce\/wp-json\/wp\/v2\/posts\/5522\/revisions"}],"wp:featuredmedia":[{"embeddable":true,"href":"https:\/\/pcce.com.ar\/pcce\/wp-json\/wp\/v2\/media\/5497"}],"wp:attachment":[{"href":"https:\/\/pcce.com.ar\/pcce\/wp-json\/wp\/v2\/media?parent=5522"}],"wp:term":[{"taxonomy":"category","embeddable":true,"href":"https:\/\/pcce.com.ar\/pcce\/wp-json\/wp\/v2\/categories?post=5522"},{"taxonomy":"post_tag","embeddable":true,"href":"https:\/\/pcce.com.ar\/pcce\/wp-json\/wp\/v2\/tags?post=5522"}],"curies":[{"name":"wp","href":"https:\/\/api.w.org\/{rel}","templated":true}]}}