{"id":558,"date":"2016-03-21T02:01:48","date_gmt":"2016-03-21T05:01:48","guid":{"rendered":"https:\/\/pcce.com.ar\/pcce\/?p=558"},"modified":"2016-03-21T02:01:48","modified_gmt":"2016-03-21T05:01:48","slug":"la-comuna-de-paris-el-cielo-por-asalto","status":"publish","type":"post","link":"https:\/\/pcce.com.ar\/pcce\/2016\/03\/21\/la-comuna-de-paris-el-cielo-por-asalto\/","title":{"rendered":"LA COMUNA DE PAR\u00cdS: El cielo por asalto"},"content":{"rendered":"<p>LA COMUNA DE PAR\u00cdS<\/p>\n<h1>El cielo por asalto<\/h1>\n<div class=\"story\">\n<p class=\"copete-general\">Por Rodolfo G. M\u00f3dena<\/p>\n<\/div>\n<div class=\"story\">\n<p class=\"capitular-texto-gral\">El 18 de marzo de 1871, hace 145 a\u00f1os, los obreros parisinos, al decir de Carlos Marx, \u201ctomaron el cielo por asalto\u201d.<\/p>\n<p class=\"basic-paragraph\">En 1848, a\u00f1o de la aparici\u00f3n del Manifiesto del Partido Comunista de Marx y Engels, hab\u00eda fracasado la primera insurrecci\u00f3n obrera en Francia. Luis Bonaparte gan\u00f3 las elecciones de ese a\u00f1o y, en 1851, con un golpe de Estado se autoproclam\u00f3 como Napole\u00f3n III, Emperador de Francia, el mismo que desencadenar\u00eda la desastrosa Guerra Franco-Prusiana de 1870\/71. A prop\u00f3sito, en 1852, Marx hab\u00eda escrito su obra \u201c18 Brumario de Luis Bonaparte\u201d.<\/p>\n<p class=\"basic-paragraph\">A comienzos de 1871, Francia, cercada por los ej\u00e9rcitos de Bismarck, se encontraba sumida en la m\u00e1s tremenda crisis. Esto deton\u00f3 el masivo alzamiento obrero de Par\u00eds y la primera experiencia de organizaci\u00f3n de un gobierno de los trabajadores, por los trabajadores y para los trabajadores.<\/p>\n<p class=\"basic-paragraph\">La Comuna organiz\u00f3 gobiernos populares en los veinte distritos de Par\u00eds, promulgando una serie de resoluciones revolucionarias: promovi\u00f3 la igualdad de derechos entre hombres y mujeres, congel\u00f3 alquileres, expropi\u00f3 viviendas ociosas para los sin techo, elimin\u00f3 los privilegios de los funcionarios p\u00fablicos, puso las f\u00e1bricas cerradas en manos de los trabajadores, limit\u00f3 el trabajo nocturno, prohibi\u00f3 la trata de mujeres y la prostituci\u00f3n organizada, garantiz\u00f3 la asistencia a los despose\u00eddos, la igualdad y fraternidad con los extranjeros, la educaci\u00f3n y la salud gratuitas, as\u00ed como la promoci\u00f3n del teatro y la cultura en general; adem\u00e1s de impulsar las ideas socialistas y organizar milicias populares para la defensa de Par\u00eds.<\/p>\n<p class=\"basic-paragraph\">Luis Bonaparte abdic\u00f3, pero la Asamblea Nacional de mayor\u00eda conservadora eligi\u00f3 al reaccionario Thiers (\u201cese enano monstruoso\u201d lo llam\u00f3 Marx en \u201cLa Guerra Civil en Francia\u201d, escrita al calor de aquellos hechos) como Primer Ministro del gobierno burgu\u00e9s fugado a Versalles. La burgues\u00eda francesa tem\u00eda m\u00e1s a los obreros parisinos armados que a la burgues\u00eda prusiana y a Bismarck, por lo que pact\u00f3 con \u00e9ste y le pidi\u00f3 respaldo para aplastar a La Comuna.<\/p>\n<p class=\"basic-paragraph\">Sobrevendr\u00eda, entonces, la Semana Sangrienta del 21 al 28 de mayo en la que decenas de miles de hombres, mujeres y ni\u00f1os cayeron abatidos en las barricadas que defend\u00edan al poder popular con sus banderas rojas y francesas tambi\u00e9n acribilladas. Otros tantos ser\u00edan cruelmente asesinados en los d\u00edas siguientes, regando de sangre obrera las calles de Par\u00eds. La burgues\u00eda daba as\u00ed su criminal escarmiento a la osad\u00eda del proletariado de querer gobernar por s\u00ed mismo.<\/p>\n<p class=\"basic-paragraph\">La Comuna fue derrotada, pero sus dos meses largos de vivencia heroica demostraron a la clase obrera internacional, ya no solo la necesidad, sino la posibilidad de conquistar el poder pol\u00edtico y construir una nueva sociedad.<\/p>\n<p class=\"basic-paragraph\">Unas d\u00e9cadas m\u00e1s tarde, la herencia inmortal de La Comuna de Par\u00eds se ver\u00eda plasmada en la experiencia victoriosa de los soviets rusos y la Gran Revoluci\u00f3n Socialista de Octubre conducida por Lenin.<\/p>\n<\/div>\n<div class=\"story\">\n<p class=\"basic-paragraph\">La Comuna fue derrotada, pero su vivencia heroica demostr\u00f3 a la clase obrera internacional la posibilidad de conquistar el poder pol\u00edtico y construir una nueva sociedad.<\/p>\n<\/div>\n","protected":false},"excerpt":{"rendered":"<p>LA COMUNA DE PAR\u00cdS El cielo por asalto Por Rodolfo G. M\u00f3dena El 18 de marzo de 1871, hace 145 a\u00f1os, los obreros parisinos, al decir de Carlos Marx, \u201ctomaron el cielo por asalto\u201d. En 1848, a\u00f1o de la aparici\u00f3n del Manifiesto del Partido Comunista de Marx y Engels, hab\u00eda fracasado la primera insurrecci\u00f3n obrera [&hellip;]<\/p>\n","protected":false},"author":1,"featured_media":551,"comment_status":"closed","ping_status":"closed","sticky":false,"template":"","format":"standard","meta":{"tdm_status":"","tdm_grid_status":"","footnotes":""},"categories":[17],"tags":[],"class_list":["post-558","post","type-post","status-publish","format-standard","has-post-thumbnail","hentry","category-contratapa"],"_links":{"self":[{"href":"https:\/\/pcce.com.ar\/pcce\/wp-json\/wp\/v2\/posts\/558","targetHints":{"allow":["GET"]}}],"collection":[{"href":"https:\/\/pcce.com.ar\/pcce\/wp-json\/wp\/v2\/posts"}],"about":[{"href":"https:\/\/pcce.com.ar\/pcce\/wp-json\/wp\/v2\/types\/post"}],"author":[{"embeddable":true,"href":"https:\/\/pcce.com.ar\/pcce\/wp-json\/wp\/v2\/users\/1"}],"replies":[{"embeddable":true,"href":"https:\/\/pcce.com.ar\/pcce\/wp-json\/wp\/v2\/comments?post=558"}],"version-history":[{"count":0,"href":"https:\/\/pcce.com.ar\/pcce\/wp-json\/wp\/v2\/posts\/558\/revisions"}],"wp:featuredmedia":[{"embeddable":true,"href":"https:\/\/pcce.com.ar\/pcce\/wp-json\/wp\/v2\/media\/551"}],"wp:attachment":[{"href":"https:\/\/pcce.com.ar\/pcce\/wp-json\/wp\/v2\/media?parent=558"}],"wp:term":[{"taxonomy":"category","embeddable":true,"href":"https:\/\/pcce.com.ar\/pcce\/wp-json\/wp\/v2\/categories?post=558"},{"taxonomy":"post_tag","embeddable":true,"href":"https:\/\/pcce.com.ar\/pcce\/wp-json\/wp\/v2\/tags?post=558"}],"curies":[{"name":"wp","href":"https:\/\/api.w.org\/{rel}","templated":true}]}}