{"id":5828,"date":"2021-08-13T12:35:06","date_gmt":"2021-08-13T15:35:06","guid":{"rendered":"https:\/\/pcce.com.ar\/pcce\/?p=5828"},"modified":"2021-08-13T12:52:57","modified_gmt":"2021-08-13T15:52:57","slug":"plenario-virtual-de-secundarios-convencer-organizar-y-movilizar","status":"publish","type":"post","link":"https:\/\/pcce.com.ar\/pcce\/2021\/08\/13\/plenario-virtual-de-secundarios-convencer-organizar-y-movilizar\/","title":{"rendered":"PLENARIO VIRTUAL DE SECUNDARIOS:  Convencer, organizar y movilizar"},"content":{"rendered":"<div class=\"_idGenObjectLayout-1\">\n<div id=\"_idContainer075\">\n<div id=\"_idContainer074\" class=\"Marco-de-texto-b-sico\">\n<h4 class=\"P-rrafo-b-sico\"><span class=\"Mayuscula CharOverride-20\">PLENARIO VIRTUAL DE SECUNDARIOS<\/span><\/h4>\n<\/div>\n<\/div>\n<\/div>\n<div id=\"_idContainer076\" class=\"Marco-de-texto-b-sico\">\n<h1 class=\"P-rrafo-b-sico ParaOverride-2\"><span class=\"CharOverride-21\">Convencer, organizar y movilizar<\/span><\/h1>\n<\/div>\n<div id=\"_idContainer077\" class=\"Marco-de-texto-b-sico\">\n<p class=\"Recuadro-letra-capitular\"><span class=\"_idGenDropcap-2\">E<\/span>l pasado s\u00e1bado 7 de agosto realizamos nuestro plenario virtual del Frente de Secundarios. El objetivo del encuentro fue lanzar la militancia de los secus del Partido de cara a la campa\u00f1a electoral, poniendo en com\u00fan los ejes de nuestra militancia y enfocando lo que en esta elecci\u00f3n se pone en juego.<\/p>\n<p class=\"Recuadro--letra\">Durante el encuentro se intercambiaron diversas experiencias de construcci\u00f3n entre camaradas de distintas partes del pa\u00eds (Buenos Aires, CABA, C\u00f3rdoba, R\u00edo Negro, Salta y Chaco). Las intervenciones reflejaron que el enemigo com\u00fan al que nos enfrentamos en nuestra militancia cotidiana es la anti-pol\u00edtica y la apat\u00eda, expresi\u00f3n dominante de la ideolog\u00eda neoliberal entre la juventud (sin excluir a otras formas m\u00e1s directas, minoritarias aunque ruidosas, de manifestaci\u00f3n ideol\u00f3gica del neoliberalismo).<\/p>\n<p class=\"Recuadro--letra\">Al mismo tiempo, reafirmamos nuestra convicci\u00f3n de que <em><span class=\"CharOverride-4\">ser joven y no ser revolucionario es una contradicci\u00f3n hasta biol\u00f3gica<\/span><\/em> y por ello nos propusimos redoblar nuestros esfuerzos para convocar a la militancia en cada lugar donde estemos. De esta manera, la consigna fue: <em><span class=\"CharOverride-4\">convencer<\/span><\/em>, dando la batalla de ideas de cara a las elecciones; <span class=\"CharOverride-4\">organizar<\/span> a los secundarios, especialmente en funci\u00f3n de reivindicaciones y problem\u00e1ticas concretas de cada escuela; y <em><span class=\"CharOverride-4\">movilizar<\/span><\/em>, fundamentalmente promoviendo el voto joven y la participaci\u00f3n pol\u00edtica.<\/p>\n<p class=\"Recuadro--letra\">Asimismo, compartimos nuestra experiencia en lo que refiere a la propaganda a trav\u00e9s de las redes sociales, especialmente importantes en el contexto de la pandemia, que nos permiti\u00f3 sumar camaradas en varios puntos de la Argentina. En este sentido, nos propusimos seguir perfeccionando y dinamizando el contenido de nuestras redes.<\/p>\n<p class=\"Recuadro--letra\">El plenario reflej\u00f3 un saldo de crecimiento e iniciativa, con muy buenas perspectivas en la etapa que se abre, y con camaradas dispuestos a enfrentar los nuevos desaf\u00edos.<\/p>\n<\/div>\n","protected":false},"excerpt":{"rendered":"<p>PLENARIO VIRTUAL DE SECUNDARIOS Convencer, organizar y movilizar El pasado s\u00e1bado 7 de agosto realizamos nuestro plenario virtual del Frente de Secundarios. El objetivo del encuentro fue lanzar la militancia de los secus del Partido de cara a la campa\u00f1a electoral, poniendo en com\u00fan los ejes de nuestra militancia y enfocando lo que en esta [&hellip;]<\/p>\n","protected":false},"author":1,"featured_media":5830,"comment_status":"closed","ping_status":"closed","sticky":false,"template":"","format":"standard","meta":{"tdm_status":"","tdm_grid_status":"","footnotes":""},"categories":[37,4],"tags":[],"class_list":["post-5828","post","type-post","status-publish","format-standard","has-post-thumbnail","hentry","category-estudiantil","category-featured"],"_links":{"self":[{"href":"https:\/\/pcce.com.ar\/pcce\/wp-json\/wp\/v2\/posts\/5828","targetHints":{"allow":["GET"]}}],"collection":[{"href":"https:\/\/pcce.com.ar\/pcce\/wp-json\/wp\/v2\/posts"}],"about":[{"href":"https:\/\/pcce.com.ar\/pcce\/wp-json\/wp\/v2\/types\/post"}],"author":[{"embeddable":true,"href":"https:\/\/pcce.com.ar\/pcce\/wp-json\/wp\/v2\/users\/1"}],"replies":[{"embeddable":true,"href":"https:\/\/pcce.com.ar\/pcce\/wp-json\/wp\/v2\/comments?post=5828"}],"version-history":[{"count":0,"href":"https:\/\/pcce.com.ar\/pcce\/wp-json\/wp\/v2\/posts\/5828\/revisions"}],"wp:featuredmedia":[{"embeddable":true,"href":"https:\/\/pcce.com.ar\/pcce\/wp-json\/wp\/v2\/media\/5830"}],"wp:attachment":[{"href":"https:\/\/pcce.com.ar\/pcce\/wp-json\/wp\/v2\/media?parent=5828"}],"wp:term":[{"taxonomy":"category","embeddable":true,"href":"https:\/\/pcce.com.ar\/pcce\/wp-json\/wp\/v2\/categories?post=5828"},{"taxonomy":"post_tag","embeddable":true,"href":"https:\/\/pcce.com.ar\/pcce\/wp-json\/wp\/v2\/tags?post=5828"}],"curies":[{"name":"wp","href":"https:\/\/api.w.org\/{rel}","templated":true}]}}