{"id":5877,"date":"2021-08-29T11:03:40","date_gmt":"2021-08-29T14:03:40","guid":{"rendered":"https:\/\/pcce.com.ar\/pcce\/?p=5877"},"modified":"2021-08-29T11:06:24","modified_gmt":"2021-08-29T14:06:24","slug":"comuna-12-cine-y-debate","status":"publish","type":"post","link":"https:\/\/pcce.com.ar\/pcce\/2021\/08\/29\/comuna-12-cine-y-debate\/","title":{"rendered":"COMUNA 12: Cine y Debate"},"content":{"rendered":"<h4><span class=\"s1\">COMUNA 12<\/span><\/h4>\n<h1 class=\"p1\"><span class=\"s1\">Cine y Debate<\/span><\/h1>\n<p class=\"p1\"><span class=\"s1\">Con mucha alegr\u00eda retomamos las actividades presenciales en el barrio. El pasado s\u00e1bado 21 nos encontramos compa\u00f1eros y compa\u00f1eras de Villa Pueyrred\u00f3n para ver e intercambiar a partir del excelente documental \u201cLa dictadura del algoritmo\u201d del cubano Javier G\u00f3mez Sanchez. El planteo central del video, acerca del impacto de las redes sociales en las conductas y consciencias de los pueblos, as\u00ed como la estrategia de los sectores de poder para hacer uso de estas herramientas de confusi\u00f3n y manipulaci\u00f3n masiva, nos permiti\u00f3 reflexionar sobre los desaf\u00edos de nuestra sociedad, las formas de comunicaci\u00f3n de nuestras ideas, el equilibrio entre avanzar en la construcci\u00f3n de fuerza pol\u00edtica y transformaci\u00f3n social, y la visibilidad de dichos procesos. No casualmente, arribamos a la necesidad de ampliar la organizaci\u00f3n, multiplicar los canales de encuentro y las redes de trabajo territorial, para reforzar la participaci\u00f3n y utilizar las herramientas de la tecnolog\u00eda a favor de los intereses populares.<\/span><\/p>\n","protected":false},"excerpt":{"rendered":"<p>COMUNA 12 Cine y Debate Con mucha alegr\u00eda retomamos las actividades presenciales en el barrio. El pasado s\u00e1bado 21 nos encontramos compa\u00f1eros y compa\u00f1eras de Villa Pueyrred\u00f3n para ver e intercambiar a partir del excelente documental \u201cLa dictadura del algoritmo\u201d del cubano Javier G\u00f3mez Sanchez. El planteo central del video, acerca del impacto de las [&hellip;]<\/p>\n","protected":false},"author":1,"featured_media":5880,"comment_status":"closed","ping_status":"closed","sticky":false,"template":"","format":"standard","meta":{"tdm_status":"","tdm_grid_status":"","footnotes":""},"categories":[4,9],"tags":[],"class_list":["post-5877","post","type-post","status-publish","format-standard","has-post-thumbnail","hentry","category-featured","category-vidadepartido"],"_links":{"self":[{"href":"https:\/\/pcce.com.ar\/pcce\/wp-json\/wp\/v2\/posts\/5877","targetHints":{"allow":["GET"]}}],"collection":[{"href":"https:\/\/pcce.com.ar\/pcce\/wp-json\/wp\/v2\/posts"}],"about":[{"href":"https:\/\/pcce.com.ar\/pcce\/wp-json\/wp\/v2\/types\/post"}],"author":[{"embeddable":true,"href":"https:\/\/pcce.com.ar\/pcce\/wp-json\/wp\/v2\/users\/1"}],"replies":[{"embeddable":true,"href":"https:\/\/pcce.com.ar\/pcce\/wp-json\/wp\/v2\/comments?post=5877"}],"version-history":[{"count":0,"href":"https:\/\/pcce.com.ar\/pcce\/wp-json\/wp\/v2\/posts\/5877\/revisions"}],"wp:featuredmedia":[{"embeddable":true,"href":"https:\/\/pcce.com.ar\/pcce\/wp-json\/wp\/v2\/media\/5880"}],"wp:attachment":[{"href":"https:\/\/pcce.com.ar\/pcce\/wp-json\/wp\/v2\/media?parent=5877"}],"wp:term":[{"taxonomy":"category","embeddable":true,"href":"https:\/\/pcce.com.ar\/pcce\/wp-json\/wp\/v2\/categories?post=5877"},{"taxonomy":"post_tag","embeddable":true,"href":"https:\/\/pcce.com.ar\/pcce\/wp-json\/wp\/v2\/tags?post=5877"}],"curies":[{"name":"wp","href":"https:\/\/api.w.org\/{rel}","templated":true}]}}