{"id":5941,"date":"2021-09-16T15:15:38","date_gmt":"2021-09-16T18:15:38","guid":{"rendered":"https:\/\/pcce.com.ar\/pcce\/?p=5941"},"modified":"2021-09-16T15:15:38","modified_gmt":"2021-09-16T18:15:38","slug":"tres-de-febrero-en-el-barrio-evita-junto-a-juan-debandi","status":"publish","type":"post","link":"https:\/\/pcce.com.ar\/pcce\/2021\/09\/16\/tres-de-febrero-en-el-barrio-evita-junto-a-juan-debandi\/","title":{"rendered":"TRES DE FEBRERO: En el Barrio Evita  junto a Juan Debandi"},"content":{"rendered":"<h4 class=\"p1\"><span class=\"s1\">TRES DE FEBRERO<\/span><\/h4>\n<h1 class=\"p1\"><span class=\"s1\">En el Barrio Evita <\/span><span class=\"s1\">junto a Juan Debandi<\/span><\/h1>\n<p class=\"p1\"><span class=\"s1\">El \u00faltimo domingo de campa\u00f1a de cara a las PASO, en Barrio Evita junto al candidato del Frente de Todos Juan Debandi, salimos a caminar la feria y a charlar con los vecinos acerca de la situaci\u00f3n del barrio enmarc\u00e1ndola en los dos modelos de pa\u00eds que est\u00e1n en juego. Nosotros entendemos que los votos no se ganan con \u2018marketing\u2019, sino que se conquistan dando la discusi\u00f3n pol\u00edtica cara a cara, con sinceridad y atendiendo a los problemas concretos de la realidad local, provincial y nacional. La intensa jornada militante culmin\u00f3 con unos choris compartidos entre la militancia y los vecinos.<\/span><\/p>\n<p class=\"p1\"><span class=\"s1\">En ese sentido se pronunci\u00f3 el compa\u00f1ero Debandi luego de culminadas las PASO, donde destac\u00f3 la construcci\u00f3n frentista alcanzada en el distrito con eje en el peronismo, pero con activa presencia de diversas identidades y convocando a la militancia a redoblar los esfuerzos de cara a noviembre ya que no est\u00e1 en juego una elecci\u00f3n a nivel local, si no la defensa de nuestra Patria.<\/span><\/p>\n","protected":false},"excerpt":{"rendered":"<p>TRES DE FEBRERO En el Barrio Evita junto a Juan Debandi El \u00faltimo domingo de campa\u00f1a de cara a las PASO, en Barrio Evita junto al candidato del Frente de Todos Juan Debandi, salimos a caminar la feria y a charlar con los vecinos acerca de la situaci\u00f3n del barrio enmarc\u00e1ndola en los dos modelos [&hellip;]<\/p>\n","protected":false},"author":1,"featured_media":5944,"comment_status":"closed","ping_status":"closed","sticky":false,"template":"","format":"standard","meta":{"tdm_status":"","tdm_grid_status":"","footnotes":""},"categories":[4,9],"tags":[],"class_list":["post-5941","post","type-post","status-publish","format-standard","has-post-thumbnail","hentry","category-featured","category-vidadepartido"],"_links":{"self":[{"href":"https:\/\/pcce.com.ar\/pcce\/wp-json\/wp\/v2\/posts\/5941","targetHints":{"allow":["GET"]}}],"collection":[{"href":"https:\/\/pcce.com.ar\/pcce\/wp-json\/wp\/v2\/posts"}],"about":[{"href":"https:\/\/pcce.com.ar\/pcce\/wp-json\/wp\/v2\/types\/post"}],"author":[{"embeddable":true,"href":"https:\/\/pcce.com.ar\/pcce\/wp-json\/wp\/v2\/users\/1"}],"replies":[{"embeddable":true,"href":"https:\/\/pcce.com.ar\/pcce\/wp-json\/wp\/v2\/comments?post=5941"}],"version-history":[{"count":0,"href":"https:\/\/pcce.com.ar\/pcce\/wp-json\/wp\/v2\/posts\/5941\/revisions"}],"wp:featuredmedia":[{"embeddable":true,"href":"https:\/\/pcce.com.ar\/pcce\/wp-json\/wp\/v2\/media\/5944"}],"wp:attachment":[{"href":"https:\/\/pcce.com.ar\/pcce\/wp-json\/wp\/v2\/media?parent=5941"}],"wp:term":[{"taxonomy":"category","embeddable":true,"href":"https:\/\/pcce.com.ar\/pcce\/wp-json\/wp\/v2\/categories?post=5941"},{"taxonomy":"post_tag","embeddable":true,"href":"https:\/\/pcce.com.ar\/pcce\/wp-json\/wp\/v2\/tags?post=5941"}],"curies":[{"name":"wp","href":"https:\/\/api.w.org\/{rel}","templated":true}]}}