{"id":5950,"date":"2021-09-16T15:31:27","date_gmt":"2021-09-16T18:31:27","guid":{"rendered":"https:\/\/pcce.com.ar\/pcce\/?p=5950"},"modified":"2021-09-16T15:33:13","modified_gmt":"2021-09-16T18:33:13","slug":"de-santiago-pampillon-a-la-noche-de-los-lapices-memoria-politica-y-juventud","status":"publish","type":"post","link":"https:\/\/pcce.com.ar\/pcce\/2021\/09\/16\/de-santiago-pampillon-a-la-noche-de-los-lapices-memoria-politica-y-juventud\/","title":{"rendered":"DE SANTIAGO PAMPILL\u00d3N A LA NOCHE DE LOS L\u00c1PICES: Memoria, pol\u00edtica y juventud"},"content":{"rendered":"<h4 class=\"p1\"><span class=\"s1\">DE SANTIAGO PAMPILL\u00d3N A LA NOCHE DE LOS L\u00c1PICES<\/span><\/h4>\n<h1 class=\"p1\"><span class=\"s1\">Memoria, pol\u00edtica y juventud<\/span><\/h1>\n<p class=\"p1\"><span class=\"s1\">Por Rodolfo G. M\u00f3dena<\/span><\/p>\n<p class=\"p1\"><span class=\"s1\">El 12 de setiembre de 1966, hace 55 a\u00f1os, mor\u00eda Santiago Pampill\u00f3n tras ser baleado a quemarropa por la Polic\u00eda de C\u00f3rdoba, el 7 de setiembre, durante una masiva asamblea estudiantil convocada por la FUC contra la dictadura de Ongan\u00eda, instalada por el golpe de Estado contra el presidente Arturo Umberto Illia el 28 de junio de ese mismo a\u00f1o.<\/span><\/p>\n<p class=\"p1\"><span class=\"s1\">Estudiante de Ingenier\u00eda Aeron\u00e1utica, obrero de IKA-Renault y militante radical, el de Santiago Pampill\u00f3n fue el primero de una larga lista de asesinatos cometidos por aquella dictadura fascista, profundamente anticomunista y proimperialista. De hecho, pas\u00f3 a convertirse en s\u00edmbolo de la resistencia popular y emblema de la unidad obrero-estudiantil condensada en su nombre, plasmada en el hist\u00f3rico Cordobazo de 1969 y en todos los azos que marcar\u00edan el principio del fin del onganiato, aquella mal llamada \u201cRevoluci\u00f3n Argentina\u201d.<span class=\"Apple-converted-space\">\u00a0<\/span><\/span><\/p>\n<p class=\"p1\"><span class=\"s1\">Pronto, en 1970, a Ongan\u00eda le suceder\u00edan los dictadores Levingston y Lanusse, con la dictadura en franca retirada ante la incontenible ofensiva popular que coronar\u00eda con la victoria electoral de H\u00e9ctor J. C\u00e1mpora en 1973 y el subsiguiente regreso y elecci\u00f3n presidencial de Per\u00f3n tras 18 a\u00f1os de proscripci\u00f3n y de exilio.<\/span><\/p>\n<p class=\"p1\"><span class=\"s1\">Se iniciar\u00eda entonces un proceso pol\u00edtico que apuntaba al programa de la liberaci\u00f3n nacional y social que reivindicaban las diversas fuerzas populares, aunque con serias contradicciones en el seno del peronismo en el gobierno. Por un lado avanzaba el protagonismo, la organizaci\u00f3n y la movilizaci\u00f3n popular, buena parte del movimiento obrero organizado hab\u00eda alcanzado altos niveles de conciencia de clase y combatividad, la juventud y los estudiantes se politizaban cada vez m\u00e1s y se radicalizaban en pos de la patria socialista, tanto peronistas como comunistas, incluso radicales, socialistas, dem\u00f3cratas cristianos, socialistas, intransigentes, as\u00ed como diversas fuerzas de izquierda y peronistas que optaron por la v\u00eda de la lucha armada. Por otro, la derecha fascista y la burocracia sindical dentro del peronismo actuaron como fuerzas de choque de la reacci\u00f3n como la Triple A (Alianza Anticomunista Argentina) para combatir las luchas, asesinar militantes populares, amenazar de muerte a los trabajadores de la cultura, derechizar al propio gobierno tras la muerte de Per\u00f3n y sembrar el campo para el advenimiento de la peor dictadura que recuerde nuestra Historia.<span class=\"Apple-converted-space\">\u00a0<\/span><\/span><\/p>\n<p class=\"p1\"><span class=\"s1\">As\u00ed llegamos al golpe de Estado de 1976 y la barbarie m\u00e1s atroz que sufriera nuestra sociedad: los 30.000 compa\u00f1eros desaparecidos, las persecuciones, c\u00e1rceles, torturas, violaciones y robo de beb\u00e9s, los exilios forzados, los despidos y cierres de f\u00e1bricas, la deuda externa, el genocidio.<span class=\"Apple-converted-space\">\u00a0<\/span><\/span><\/p>\n<p class=\"p1\"><span class=\"s1\">Otra vez, y como siempre, para imponer a sangre y fuego los intereses de la oligarqu\u00eda y los monopolios transnacionales. Pero esa vez, para sembrar un terror incomparablemente m\u00e1s brutal que el de cualquiera de las anteriores dictaduras c\u00edvico-militares que asolaron a Argentina y Am\u00e9rica Latina durante el siglo XX.<\/span><\/p>\n<p class=\"p1\"><span class=\"s1\">Fue en el marco de aquel genocidio que, durante el mes de setiembre del 76 se sucedieron decenas de secuestros y desapariciones de estudiantes secundarios, de entre 15 y 17 a\u00f1os, de distintos colegios de la ciudad de La Plata. Pero ser\u00eda en la noche del 16 de septiembre que desaparecieron a los compa\u00f1eros Claudio de Acha, Mar\u00eda Clara Ciocchini, Mar\u00eda Claudia Falcone, Francisco L\u00f3pez Muntaner, Daniel Racero y Horacio Ungaro que contin\u00faan desaparecidos y Gustavo Calotti, Pablo D\u00edaz, Patricia Miranda y Emilce Moler que lograron sobrevivir. Por eso y por ellos, el 16 de septiembre se conmemora La Noche de los L\u00e1pices, de la que se cumplen 45 a\u00f1os.<\/span><\/p>\n<p class=\"p1\"><span class=\"s1\">Diez a\u00f1os despu\u00e9s del asesinato de Santiago Pampill\u00f3n, diez a\u00f1os despu\u00e9s Videla en vez de Ongan\u00eda, y siempre el mismo enemigo del pueblo, de la democracia, de la Patria y de la vida misma: el imperialismo norteamericano y la oligarqu\u00eda terrateniente y financiera local. El mismo enemigo principal que, en democracia, volver\u00eda al gobierno con Menem, De la R\u00faa y Macri. El mismo al que debemos seguir combatiendo en las calles y en las urnas, hasta conquistar la Segunda y Definitiva Independencia como camino argentino al socialismo.<\/span><\/p>\n","protected":false},"excerpt":{"rendered":"<p>DE SANTIAGO PAMPILL\u00d3N A LA NOCHE DE LOS L\u00c1PICES Memoria, pol\u00edtica y juventud Por Rodolfo G. M\u00f3dena El 12 de setiembre de 1966, hace 55 a\u00f1os, mor\u00eda Santiago Pampill\u00f3n tras ser baleado a quemarropa por la Polic\u00eda de C\u00f3rdoba, el 7 de setiembre, durante una masiva asamblea estudiantil convocada por la FUC contra la dictadura [&hellip;]<\/p>\n","protected":false},"author":1,"featured_media":5955,"comment_status":"closed","ping_status":"closed","sticky":false,"template":"","format":"standard","meta":{"tdm_status":"","tdm_grid_status":"","footnotes":""},"categories":[17,4,1],"tags":[],"class_list":["post-5950","post","type-post","status-publish","format-standard","has-post-thumbnail","hentry","category-contratapa","category-featured","category-sin-categoria"],"_links":{"self":[{"href":"https:\/\/pcce.com.ar\/pcce\/wp-json\/wp\/v2\/posts\/5950","targetHints":{"allow":["GET"]}}],"collection":[{"href":"https:\/\/pcce.com.ar\/pcce\/wp-json\/wp\/v2\/posts"}],"about":[{"href":"https:\/\/pcce.com.ar\/pcce\/wp-json\/wp\/v2\/types\/post"}],"author":[{"embeddable":true,"href":"https:\/\/pcce.com.ar\/pcce\/wp-json\/wp\/v2\/users\/1"}],"replies":[{"embeddable":true,"href":"https:\/\/pcce.com.ar\/pcce\/wp-json\/wp\/v2\/comments?post=5950"}],"version-history":[{"count":0,"href":"https:\/\/pcce.com.ar\/pcce\/wp-json\/wp\/v2\/posts\/5950\/revisions"}],"wp:featuredmedia":[{"embeddable":true,"href":"https:\/\/pcce.com.ar\/pcce\/wp-json\/wp\/v2\/media\/5955"}],"wp:attachment":[{"href":"https:\/\/pcce.com.ar\/pcce\/wp-json\/wp\/v2\/media?parent=5950"}],"wp:term":[{"taxonomy":"category","embeddable":true,"href":"https:\/\/pcce.com.ar\/pcce\/wp-json\/wp\/v2\/categories?post=5950"},{"taxonomy":"post_tag","embeddable":true,"href":"https:\/\/pcce.com.ar\/pcce\/wp-json\/wp\/v2\/tags?post=5950"}],"curies":[{"name":"wp","href":"https:\/\/api.w.org\/{rel}","templated":true}]}}