{"id":597,"date":"2016-03-21T00:43:43","date_gmt":"2016-03-21T03:43:43","guid":{"rendered":"https:\/\/pcce.com.ar\/pcce\/?p=597"},"modified":"2016-03-21T02:44:18","modified_gmt":"2016-03-21T05:44:18","slug":"paremos-los-despidos-en-el-posadas","status":"publish","type":"post","link":"https:\/\/pcce.com.ar\/pcce\/2016\/03\/21\/paremos-los-despidos-en-el-posadas\/","title":{"rendered":"Paremos los despidos en el Posadas"},"content":{"rendered":"<div class=\"story\">\n<p class=\"basic-paragraph\"><span class=\"mayuscula\">CORRIENTE SINDICAL DE LIBERACI\u00d3N<\/span><\/p>\n<\/div>\n<div class=\"story\">\n<h1 class=\"basic-paragraph\">Paremos los despidos en el Posadas<\/h1>\n<\/div>\n<div class=\"story\">\n<p class=\"capitular-texto-gral\">La pol\u00edtica de vaciamiento, ajuste y represi\u00f3n de Mauricio Macri lleg\u00f3 al Hospital Posadas. El d\u00eda martes 15 se notificaron los despidos de m\u00e1s de 600 trabajadores del hospital que se desempe\u00f1aban en las \u00e1reas de seguridad, m\u00e9dicos, camilleros, ambulancieros, alimentaci\u00f3n y limpieza. Bajo la consigna Ni un solo despido en el Hospital, los trabajadores y pacientes nos estamos organizando y movilizando en asambleas, con pegatinas, en el boca a boca, en la toma del hall central, a pesar del intento de amedrentar y desmovilizar con la presencia de carros hidrantes, infanter\u00eda y polic\u00eda afuera y adentro del hospital.<\/p>\n<p class=\"texto-general\">ATE convoc\u00f3 una asamblea la cual cont\u00f3 con la presencia de Nora Corti\u00f1as de Madres de Plaza de Mayo y de Gustavo Zapata, Secretario de la CTA Regional, en la que se resolvi\u00f3 sumarse a la jornada de lucha del 16 de marzo.<\/p>\n<p class=\"texto-general\">Los compa\u00f1eros de la Corriente Sindical de Liberaci\u00f3n-PCCE nos encontramos movilizados, participando activamente de las distintas iniciativas, buscando generar mayor conciencia y organizaci\u00f3n de los trabajadores y pacientes para parar los despidos y el proceso de entrega de nuestro pa\u00eds que el gobierno de Mauricio Macri est\u00e1 llevando adelante.<\/p>\n<\/div>\n","protected":false},"excerpt":{"rendered":"<p>CORRIENTE SINDICAL DE LIBERACI\u00d3N Paremos los despidos en el Posadas La pol\u00edtica de vaciamiento, ajuste y represi\u00f3n de Mauricio Macri lleg\u00f3 al Hospital Posadas. El d\u00eda martes 15 se notificaron los despidos de m\u00e1s de 600 trabajadores del hospital que se desempe\u00f1aban en las \u00e1reas de seguridad, m\u00e9dicos, camilleros, ambulancieros, alimentaci\u00f3n y limpieza. Bajo la [&hellip;]<\/p>\n","protected":false},"author":1,"featured_media":598,"comment_status":"closed","ping_status":"closed","sticky":false,"template":"","format":"standard","meta":{"tdm_status":"","tdm_grid_status":"","footnotes":""},"categories":[9],"tags":[],"class_list":["post-597","post","type-post","status-publish","format-standard","has-post-thumbnail","hentry","category-vidadepartido"],"_links":{"self":[{"href":"https:\/\/pcce.com.ar\/pcce\/wp-json\/wp\/v2\/posts\/597","targetHints":{"allow":["GET"]}}],"collection":[{"href":"https:\/\/pcce.com.ar\/pcce\/wp-json\/wp\/v2\/posts"}],"about":[{"href":"https:\/\/pcce.com.ar\/pcce\/wp-json\/wp\/v2\/types\/post"}],"author":[{"embeddable":true,"href":"https:\/\/pcce.com.ar\/pcce\/wp-json\/wp\/v2\/users\/1"}],"replies":[{"embeddable":true,"href":"https:\/\/pcce.com.ar\/pcce\/wp-json\/wp\/v2\/comments?post=597"}],"version-history":[{"count":0,"href":"https:\/\/pcce.com.ar\/pcce\/wp-json\/wp\/v2\/posts\/597\/revisions"}],"wp:featuredmedia":[{"embeddable":true,"href":"https:\/\/pcce.com.ar\/pcce\/wp-json\/wp\/v2\/media\/598"}],"wp:attachment":[{"href":"https:\/\/pcce.com.ar\/pcce\/wp-json\/wp\/v2\/media?parent=597"}],"wp:term":[{"taxonomy":"category","embeddable":true,"href":"https:\/\/pcce.com.ar\/pcce\/wp-json\/wp\/v2\/categories?post=597"},{"taxonomy":"post_tag","embeddable":true,"href":"https:\/\/pcce.com.ar\/pcce\/wp-json\/wp\/v2\/tags?post=597"}],"curies":[{"name":"wp","href":"https:\/\/api.w.org\/{rel}","templated":true}]}}