{"id":6014,"date":"2021-10-15T17:48:42","date_gmt":"2021-10-15T20:48:42","guid":{"rendered":"https:\/\/pcce.com.ar\/pcce\/?p=6014"},"modified":"2021-10-15T17:48:42","modified_gmt":"2021-10-15T20:48:42","slug":"barrio-padre-mugica-desalojos-represion-y-negocios-de-larreta","status":"publish","type":"post","link":"https:\/\/pcce.com.ar\/pcce\/2021\/10\/15\/barrio-padre-mugica-desalojos-represion-y-negocios-de-larreta\/","title":{"rendered":"BARRIO PADRE MUGICA:  Desalojos, represi\u00f3n  y negocios de Larreta"},"content":{"rendered":"<h4 class=\"p1\"><span class=\"s1\">BARRIO PADRE MUGICA<\/span><\/h4>\n<h1 class=\"p1\"><span class=\"s1\">Desalojos, represi\u00f3n <\/span><span class=\"s1\">y negocios de Larreta<\/span><\/h1>\n<p class=\"p1\"><span class=\"s1\">El \u00faltimo 30 de septiembre el Gobierno de la Ciudad de Buenos Aires con Horacio Rodr\u00edguez Larreta a la cabeza, demostr\u00f3 una vez m\u00e1s el desprecio que tiene por los sectores m\u00e1s vulnerables de nuestra ciudad.<span class=\"Apple-converted-space\">\u00a0<\/span><\/span><\/p>\n<p class=\"p1\"><span class=\"s1\">En el marco de una toma llevada adelante por 80 mujeres con su hijxs (150 en total) en un predio de la Villa 31, Larreta mand\u00f3 a las fuerzas policiales a \u201cresolver\u201d estos problemas habitacionales a partir de la violencia m\u00e1s cruel que representa claramente a su gobierno: sacando, rompiendo y quemando las casas y pertenencias de las familias que ocupaban dicho terreno para poder tener un lugar donde vivir.<span class=\"Apple-converted-space\">\u00a0<\/span><\/span><\/p>\n<p class=\"p1\"><span class=\"s1\">Estas mujeres, quienes se encontraban all\u00ed huyendo de la violencia machista, fueron ahora v\u00edctimas de un Estado que, en vez de protegerlas y darles una respuesta, las desprecia, ignora y echa a la calle de la manera m\u00e1s cruel y salvaje. La \u201cexplicaci\u00f3n\u201d para el desalojo, seg\u00fan el Ministerio de Desarrollo Humano y H\u00e1bitat, a cargo de Valeria Massaglia, es que ese espacio se encuentra destinado a la construcci\u00f3n de una escuela de nivel inicial y primario cuya construcci\u00f3n comenzar\u00eda en breve. Sin embargo, dentro del presupuesto educativo de Ciudad para 2021 no figura tal proyecto ni se ha abierto una licitaci\u00f3n para tal fin. Vale recordar que el GCBA destin\u00f3 400 millones de d\u00f3lares para una urbanizaci\u00f3n que no s\u00f3lo NO fue consensuada con lxs vecinxs sino que a\u00fan sigue sin resolverse. De hecho, la mayor\u00eda de las familias siguen sin luz, agua, gas y conexiones cloacales. No es de extra\u00f1ar este accionar en el marco de apuro del GCBA por lograr la regularizaci\u00f3n dominial de los terrenos con el prop\u00f3sito de llevar adelante sus negocios inmobiliarios.<span class=\"Apple-converted-space\">\u00a0<\/span><\/span><\/p>\n<p class=\"p1\"><span class=\"s1\">En la 31, como en muchos otros lugares de la Ciudad de Buenos Aires, el distrito m\u00e1s rico de todo el pa\u00eds, el Estado de la Ciudad est\u00e1 ausente y cuando act\u00faa lo hace de manera unilateral, violenta, destruyendo y recortando derechos y sin escuchar las demandas y necesidades de lxs vecinxs. Nos solidarizamos y acompa\u00f1amos a las familias v\u00edctimas de la violencia y desprecio de Horacio Rodr\u00edguez Larreta.<\/span><\/p>\n","protected":false},"excerpt":{"rendered":"<p>BARRIO PADRE MUGICA Desalojos, represi\u00f3n y negocios de Larreta El \u00faltimo 30 de septiembre el Gobierno de la Ciudad de Buenos Aires con Horacio Rodr\u00edguez Larreta a la cabeza, demostr\u00f3 una vez m\u00e1s el desprecio que tiene por los sectores m\u00e1s vulnerables de nuestra ciudad.\u00a0 En el marco de una toma llevada adelante por 80 [&hellip;]<\/p>\n","protected":false},"author":1,"featured_media":6018,"comment_status":"closed","ping_status":"closed","sticky":false,"template":"","format":"standard","meta":{"tdm_status":"","tdm_grid_status":"","footnotes":""},"categories":[4,9],"tags":[],"class_list":["post-6014","post","type-post","status-publish","format-standard","has-post-thumbnail","hentry","category-featured","category-vidadepartido"],"_links":{"self":[{"href":"https:\/\/pcce.com.ar\/pcce\/wp-json\/wp\/v2\/posts\/6014","targetHints":{"allow":["GET"]}}],"collection":[{"href":"https:\/\/pcce.com.ar\/pcce\/wp-json\/wp\/v2\/posts"}],"about":[{"href":"https:\/\/pcce.com.ar\/pcce\/wp-json\/wp\/v2\/types\/post"}],"author":[{"embeddable":true,"href":"https:\/\/pcce.com.ar\/pcce\/wp-json\/wp\/v2\/users\/1"}],"replies":[{"embeddable":true,"href":"https:\/\/pcce.com.ar\/pcce\/wp-json\/wp\/v2\/comments?post=6014"}],"version-history":[{"count":0,"href":"https:\/\/pcce.com.ar\/pcce\/wp-json\/wp\/v2\/posts\/6014\/revisions"}],"wp:featuredmedia":[{"embeddable":true,"href":"https:\/\/pcce.com.ar\/pcce\/wp-json\/wp\/v2\/media\/6018"}],"wp:attachment":[{"href":"https:\/\/pcce.com.ar\/pcce\/wp-json\/wp\/v2\/media?parent=6014"}],"wp:term":[{"taxonomy":"category","embeddable":true,"href":"https:\/\/pcce.com.ar\/pcce\/wp-json\/wp\/v2\/categories?post=6014"},{"taxonomy":"post_tag","embeddable":true,"href":"https:\/\/pcce.com.ar\/pcce\/wp-json\/wp\/v2\/tags?post=6014"}],"curies":[{"name":"wp","href":"https:\/\/api.w.org\/{rel}","templated":true}]}}