{"id":6116,"date":"2021-11-19T21:24:45","date_gmt":"2021-11-20T00:24:45","guid":{"rendered":"https:\/\/pcce.com.ar\/pcce\/?p=6116"},"modified":"2021-11-19T21:24:45","modified_gmt":"2021-11-20T00:24:45","slug":"freno-a-los-aumentos-desmedidos-todo-precio-es-politico","status":"publish","type":"post","link":"https:\/\/pcce.com.ar\/pcce\/2021\/11\/19\/freno-a-los-aumentos-desmedidos-todo-precio-es-politico\/","title":{"rendered":"Freno a los aumentos desmedidos: Todo precio es pol\u00edtico"},"content":{"rendered":"<h4>Freno a los aumentos desmedidos<\/h4>\n<h1>Todo precio es pol\u00edtico<\/h1>\n<p>El resultado de las PASO y la posterior carta de Cristina de Kirchner, marcaron el camino por el cual el Gobierno deb\u00eda avanzar si quer\u00eda representar los intereses de las trabajadoras, trabajadores y los sectores populares. Desde la Secretar\u00eda de Comercio, a cargo de Roberto Feletti, se vienen dise\u00f1ando diferentes estrategias para limitar la suba excesiva e innecesaria de los precios en rubros tan sensibles como son los alimentos y los medicamentos.<br \/>\nEl acuerdo con las grandes cadenas de alimentos establece el mantenimiento de los precios en 1432 productos de consumo masivo. Por otro lado, el acuerdo con los laboratorios incluye retrotraer los precios de los medicamentos al 1 de noviembre, y mantenerlos congelados hasta el 7 de enero del 2022. Es interesante se\u00f1alar que, lejos de establecer estos acuerdos \u00fanicamente, Feletti, busca responsabilizar a las grandes empresas que generan las disparadas sin sentido de los precios. Sobre esto dec\u00eda \u201cm\u00e1s adelante hay que tomar decisiones en cuanto a desvincular al precio local del internacional. Nosotros atacamos lo que es inflaci\u00f3n mercado internista, monop\u00f3lica o de remarcaci\u00f3n. Tambi\u00e9n hay que atacar lo que es inflaci\u00f3n importada\u201d.<br \/>\nDar a conocer el grado de concentraci\u00f3n de la econom\u00eda en sus distintas ramas, aplicar el rigor de la ley ante las transgresiones y movilizar a la poblaci\u00f3n para que en forma organizada participe en el control de precios son recursos fundamentales para resistir la desestabilizaci\u00f3n pol\u00edtica que desde la derecha se promueve. En este sentido, el Gobierno instruy\u00f3 a gobernadores e intendentes a avanzar masivamente con las fiscalizaciones en todo el pa\u00eds -lo formaliz\u00f3 a trav\u00e9s del decreto 745\/21-, por lo que, si se detectan incumplimientos, podr\u00eda haber clausuras.<br \/>\nFue necesario dar estos primeros pasos de control, para frenar la estampida de los precios y con ello detener el deterioro del salario real, y de todos aquellos que tienen un ingreso fijo (jubilaciones, pensiones, monotributistas, etc.). Este a\u00f1o, a pesar de que el transporte p\u00fablico, la luz o el gas no aumentan, y aunque el tipo de cambio haya subido todo el a\u00f1o menos que la inflaci\u00f3n general, el empuje de los precios no cedi\u00f3. La medida viene a poner un l\u00edmite a esta realidad. Claro que a\u00fan queda el interrogante de a\u00f1o tras a\u00f1o, \u00bfC\u00f3mo se forma la cadena de valor en la Argentina?, dado que siempre se observa una diferencia abismal entro lo que percibe el productor y el precio final que le llega al consumidor.<br \/>\nEl congelamiento de precios aparece como la respuesta necesaria y urgente para estos tiempos, pero ser\u00e1 preciso repensar los esquemas de producci\u00f3n local, sabemos que los poderes concentrados juegan acompa\u00f1ando a la derecha, generando malestar en la poblaci\u00f3n. En esta l\u00ednea, Feletti mantuvo un encuentro con la Uni\u00f3n de Trabajadores de la Tierra (UTT), donde dialogaron la posibilidad de implementar cr\u00e9ditos para Pymes y cooperativas con el objetivo de descentralizar la industria alimentaria.<br \/>\nDesde el estado se deben implementar pol\u00edticas dirigidas al acompa\u00f1amiento y promoci\u00f3n de productos alimenticios elaborados por las trabajadoras y trabajadores de la tierra. Para avanzar en medidas m\u00e1s dr\u00e1sticas, ser\u00e1 necesario el acompa\u00f1amiento del pueblo organizado, y que tengan un rol clave las organizaciones pol\u00edticas, sociales y sindicales, orientado esa lucha y acompa\u00f1ando las medidas del gobierno. La confrontaci\u00f3n ser\u00e1 necesaria para avanzar en la construcci\u00f3n de un proyecto nacional y popular. Los resultados de las \u00faltimas elecciones legislativas demuestran que hay voluntad de una gran parte de la poblaci\u00f3n de acompa\u00f1ar este rumbo.<\/p>\n","protected":false},"excerpt":{"rendered":"<p>Freno a los aumentos desmedidos Todo precio es pol\u00edtico El resultado de las PASO y la posterior carta de Cristina de Kirchner, marcaron el camino por el cual el Gobierno deb\u00eda avanzar si quer\u00eda representar los intereses de las trabajadoras, trabajadores y los sectores populares. Desde la Secretar\u00eda de Comercio, a cargo de Roberto Feletti, [&hellip;]<\/p>\n","protected":false},"author":1,"featured_media":6120,"comment_status":"closed","ping_status":"closed","sticky":false,"template":"","format":"standard","meta":{"tdm_status":"","tdm_grid_status":"","footnotes":""},"categories":[4,19],"tags":[],"class_list":["post-6116","post","type-post","status-publish","format-standard","has-post-thumbnail","hentry","category-featured","category-pagina2"],"_links":{"self":[{"href":"https:\/\/pcce.com.ar\/pcce\/wp-json\/wp\/v2\/posts\/6116","targetHints":{"allow":["GET"]}}],"collection":[{"href":"https:\/\/pcce.com.ar\/pcce\/wp-json\/wp\/v2\/posts"}],"about":[{"href":"https:\/\/pcce.com.ar\/pcce\/wp-json\/wp\/v2\/types\/post"}],"author":[{"embeddable":true,"href":"https:\/\/pcce.com.ar\/pcce\/wp-json\/wp\/v2\/users\/1"}],"replies":[{"embeddable":true,"href":"https:\/\/pcce.com.ar\/pcce\/wp-json\/wp\/v2\/comments?post=6116"}],"version-history":[{"count":0,"href":"https:\/\/pcce.com.ar\/pcce\/wp-json\/wp\/v2\/posts\/6116\/revisions"}],"wp:featuredmedia":[{"embeddable":true,"href":"https:\/\/pcce.com.ar\/pcce\/wp-json\/wp\/v2\/media\/6120"}],"wp:attachment":[{"href":"https:\/\/pcce.com.ar\/pcce\/wp-json\/wp\/v2\/media?parent=6116"}],"wp:term":[{"taxonomy":"category","embeddable":true,"href":"https:\/\/pcce.com.ar\/pcce\/wp-json\/wp\/v2\/categories?post=6116"},{"taxonomy":"post_tag","embeddable":true,"href":"https:\/\/pcce.com.ar\/pcce\/wp-json\/wp\/v2\/tags?post=6116"}],"curies":[{"name":"wp","href":"https:\/\/api.w.org\/{rel}","templated":true}]}}