{"id":6176,"date":"2021-12-17T16:59:49","date_gmt":"2021-12-17T19:59:49","guid":{"rendered":"https:\/\/pcce.com.ar\/pcce\/?p=6176"},"modified":"2021-12-17T17:10:14","modified_gmt":"2021-12-17T20:10:14","slug":"una-plaza-colmada-grandes-adversidades-grandes-acciones","status":"publish","type":"post","link":"https:\/\/pcce.com.ar\/pcce\/2021\/12\/17\/una-plaza-colmada-grandes-adversidades-grandes-acciones\/","title":{"rendered":"UNA PLAZA COLMADA: Grandes adversidades, grandes acciones"},"content":{"rendered":"<h4 class=\"p1\"><span class=\"s1\">UNA PLAZA COLMADA<\/span><\/h4>\n<h1 class=\"p1\"><span class=\"s1\">Grandes adversidades, grandes acciones<\/span><\/h1>\n<p class=\"p1\"><span class=\"s1\">El pasado 10 de diciembre se convoc\u00f3 al pueblo a una gran manifestaci\u00f3n en Plaza de Mayo para celebrar el D\u00eda de la Democracia y los Derechos Humanos (a 38 a\u00f1os del fin de la \u00faltima dictadura c\u00edvico-militar). A partir de las tres de la tarde, comenzaron a llegar columnas con miles de militantes de diversos partidos pol\u00edticos (entre ellos el PCCE) y movimientos sociales, adem\u00e1s de gran cantidad de gente suelta, la mayor\u00eda avanzando desde la Avenida 9 de Julio y la Avenida de Mayo. Se calcula una concurrencia durante todo el d\u00eda de por lo menos 250 mil personas. A la vez que diversos artistas animaban a la multitud desde el escenario, y se iba llenando la plaza, la vicepresidenta Cristina Kirchner y el presidente Alberto Fern\u00e1ndez se encontraban reunidos en el despacho presidencial de la Casa Rosada con el ex presidente de Brasil, Luiz In\u00e1cio Lula Da Silva (los tres hab\u00edan cenado el d\u00eda anterior en la Quinta de Olivos). Al terminar la reuni\u00f3n se dirigieron al Museo del Bicentenario, dentro de la misma Casa Rosada, para la entrega de los premios Azucena Villaflor, otorgados a personalidades comprometidas con los DD.HH. Tambi\u00e9n estuvo presente el ex presidente uruguayo Jos\u00e9 \u201cPepe\u201d Mujica y las referentes de Madres y Abuelas de Plaza de Mayo, Taty Almeida y Estela de Carlotto, quienes recibieron el premio, entre otrxs.<\/span><\/p>\n<p class=\"p1\"><span class=\"s1\">En la Plaza se encontraban tambi\u00e9n varios dirigentes del Frente de Todos (FdT), como el diputado nacional y presidente del bloque oficialista en la C\u00e1mara Baja, M\u00e1ximo Kirchner, quien puso en valor el desendeudamiento durante la presidencia de N\u00e9stor y Cristina. \u201cA finales de 2005 pudimos cancelar la deuda con el FMI de 9.800 millones de d\u00f3lares. Lo hicimos junto a Brasil, por eso Lula tiene con Argentina un fuerte lazo. Fue un proceso, si bien no perfecto, mucho m\u00e1s virtuoso que lo que trajeron despu\u00e9s las derechas a Latinoam\u00e9rica\u201d, declar\u00f3 ante las c\u00e1maras.<\/span><\/p>\n<p class=\"p1\"><span class=\"s1\">Ya pasadas las siete de la tarde, y ante la ovaci\u00f3n del pueblo, ingresaron al escenario quienes ser\u00edan los oradores del acto: Alberto Fern\u00e1ndez, la compa\u00f1era Cristina (sin lugar a dudas la m\u00e1s ovacionada), Lula y el \u201cPepe\u201d Mujica. Tras un breve saludo del ex presidente uruguayo, quien llam\u00f3 a cuidar la democracia, fue el turno de Lula, quien se guard\u00f3 el discurso que ten\u00eda preparado e improvis\u00f3 su elocuci\u00f3n en un casi perfecto espa\u00f1ol. \u201cYo tuve le felicidad de gobernar Brasil en el periodo en que N\u00e9stor y Cristina gobernaron Argentina. Tuve la oportunidad de gobernar Brasil cuando Ch\u00e1vez era presidente de Venezuela, Evo Morales de Bolivia y Tabar\u00e9 -y despu\u00e9s Pepe Mujica- de Uruguay. Yo tuve la felicidad de gobernar cuando Lugo fue presidente de Paraguay y Rafael Correa en Ecuador. Fue el mejor momento de la democracia de nuestra Patria Grande y de nuestra Am\u00e9rica Latina\u201d, afirm\u00f3 con contundencia. Tambi\u00e9n reivindic\u00f3 la fundaci\u00f3n de UNASUR, el No al ALCA y la creaci\u00f3n de la CELAC (esta \u00faltima con Cuba socialista y sin EE.UU. ni Canad\u00e1). Adem\u00e1s, se solidariz\u00f3 con CFK por la persecuci\u00f3n medi\u00e1tico judicial que viene sufriendo, de la que \u00e9l mismo fue v\u00edctima al haber sido encarcelado sin prueba alguna por un turbio juez que luego ser\u00eda ministro de Bolsonaro. Al finalizar, Lula le cede la palabra a la oradora m\u00e1s esperada del d\u00eda, la compa\u00f1era Cristina.<span class=\"Apple-converted-space\">\u00a0<\/span><\/span><\/p>\n<p class=\"p1\"><span class=\"s1\">Su discurso comenz\u00f3 agradeciendo a las Madres y Abuelas de Plaza de Mayo que, junto a nuestros soldados combatientes y ca\u00eddos en Malvinas, fueron los que lograron darle el puntapi\u00e9 final a la dictadura genocida y recuperar la democracia. Record\u00f3 c\u00f3mo el d\u00eda en que cay\u00f3 Puerto Argentino en las Islas, el pueblo llen\u00f3 la Plaza de Mayo para decirle NO a la dictadura. Ante el canto de la multitud de \u201cN\u00e9stor no se muri\u00f3. N\u00e9stor vive en el pueblo\u201d, Cristina rememor\u00f3 tambi\u00e9n como en el Bicentenario de la Patria, los presidentes de Latinoam\u00e9rica caminaron junto al pueblo por la Plaza de Mayo sin vallas ni dispositivos de seguridad. El mismo pueblo era la seguridad ese d\u00eda. Un d\u00eda que quedar\u00e1 en la \u00e9pica de la historia argentina, no solamente por aquel simbolismo, sino porque fue una \u00e9poca de crecimiento econ\u00f3mico, conquista de derechos, industrializaci\u00f3n, recuperaci\u00f3n de sectores privatizados y mejora de todos los indicadores sociales: lo que llamamos la d\u00e9cada ganada en Argentina, pero que tambi\u00e9n lo fue para otros pa\u00edses con gobiernos populares y de izquierda en la regi\u00f3n. El tema central en el discurso de la CFK fue, como se esperaba, el tema de la deuda en su contexto hist\u00f3rico. El desendeudamiento en la d\u00e9cada ganada fue tal que represent\u00f3 la reestructuraci\u00f3n con quita de capitales e intereses m\u00e1s grande de la que se tenga memoria. Lo que est\u00e1 en juego hoy es la capacidad pol\u00edtica del gobierno en enfrentar al FMI, como pudimos hacerlo en el pasado. En su discurso, Alberto prometi\u00f3 no negociar nada que ponga en compromiso el crecimiento del pa\u00eds, en donde estamos creciendo a tasas del 10% del PIB anual. Debemos luchar por hacer cumplir esa promesa: primero la deuda con el pueblo argentino antes que con el Fondo.<span class=\"Apple-converted-space\">\u00a0<\/span><\/span><\/p>\n<h4 class=\"p1\"><strong><span class=\"s1\">CFK<\/span><\/strong><\/h4>\n<ul>\n<li class=\"p1\"><span class=\"s1\">Luego de 12 a\u00f1os y medio de gobierno, en este mismo lugar, hace exactamente seis a\u00f1os, pudimos culminar con una Plaza que desbordaba y llegamos con un pa\u00eds donde la desocupaci\u00f3n apenas era del 5,9%. Donde adem\u00e1s ten\u00edamos el endeudamiento en moneda extranjera m\u00e1s bajo que se recuerde. Que no se hagan los giles, esos que van a los canales de televisi\u00f3n a dar n\u00fameros a la bartola&#8230; Bajamos la deuda en d\u00f3lares, le pagamos al Fondo, dejamos el salario m\u00ednimo vital y m\u00f3vil en d\u00f3lares m\u00e1s alto de Latinoam\u00e9rica, la jubilaci\u00f3n m\u00e1s alta de Latinoam\u00e9rica y adem\u00e1s -y esto no lo digo yo- lo recuerdo de un informe del Banco Mundial all\u00e1 a fines del 2012, duplicamos la clase media. S\u00ed, le pese a quien le pese, en 10 a\u00f1os, del 2002 al 2012, duplicamos la clase media en la Argentina. Por m\u00e1s que algunos lo renieguen, no les guste, huela mal&#8230; que no me vengan con pavadas.<\/span><\/li>\n<li class=\"p1\"><span class=\"s1\">Perm\u00edtame compa\u00f1ero Presidente ser un poco desconfiada. \u00bfSabe qu\u00e9 pasa? El Fondo Monetario Internacional ha vivido condicionando a la democracia argentina. No es de ahora, recuerdo cuando el presidente Alfons\u00edn asumi\u00f3 la presidencia un 10 de diciembre como hoy hace 38 a\u00f1os con un pa\u00eds que hab\u00eda quintuplicado su deuda externa, sin reservas en el Banco Central, con asonadas militares cada tanto, con 30.000 desaparecidos\u2026 Y en el a\u00f1o 89, el Fondo, con presiones y dem\u00e1s, le solt\u00f3 la mano al gobierno democr\u00e1tico de Alfons\u00edn y no pudo terminar su mandato. Alfons\u00edn hab\u00eda recibido la deuda externa estatizada. Era de los privados y a fines del 82, antes de irse, los milicos le dejaron el regalito de la deuda externa privada, estatizada. Y en el 2001 tambi\u00e9n, a otro presidente radical, el Fondo le solt\u00f3 la mano y vino la crisis del a\u00f1o 2001. El partido centenario (UCR), que hoy es parte de la oposici\u00f3n&#8230; el FMI le tumb\u00f3 dos gobiernos democr\u00e1ticos. \u00a1Despab\u00edlense muchachos!<\/span><\/li>\n<li class=\"p1\"><span class=\"s1\">Pero al que no se la soltaron fue al que vino despu\u00e9s que nosotros. A ese le pusieron toda la tarasca, 57.000 millones de d\u00f3lares para que pudiera ganar las elecciones. Es hora de que nos despabilemos todos los argentinos, a qui\u00e9n le pone la guita el Fondo y para qu\u00e9 se la ponen. E insisten con modelos y pol\u00edticas que no dieron resultado, que fracasaron. Porque lo intentaron hacer durante la dictadura, no hab\u00eda sindicatos, no exist\u00edan los partidos pol\u00edticos, no hab\u00eda huelgas y capotaron igual. Y lo volvieron a hacer ya sin la necesidad de recurrir a un golpe sino democr\u00e1ticamente. Lograron llegar al gobierno democr\u00e1ticamente para endeudarnos una vez m\u00e1s. Y tampoco les dio resultado. \u00bfPor qu\u00e9 entonces de una buena vez por todas no se dan cuenta que los programas de hambre, que las pol\u00edticas de ajuste pueden ser impuestas durante un tiempo pero que finalmente siempre colapsan?<\/span><\/li>\n<\/ul>\n<h4 class=\"p1\"><strong><span class=\"s1\">ALBERTO FERN\u00c1NDEZ<\/span><\/strong><\/h4>\n<ul>\n<li class=\"p1\"><span class=\"s1\">No somos los que no queremos pagar, somos los que nos hacemos cargo de las deudas que los sinverg\u00fcenzas nos dejan a nosotros. Cristina dec\u00eda que el Fondo les solt\u00f3 la mano (a los gobiernos radicales). No vamos a firmar nada que signifique poner en peligro el crecimiento de la Argentina. Si el Fondo me suelta la mano, voy a estar de la mano de cada argentino.<\/span><\/li>\n<li class=\"p1\"><span class=\"s1\">La Argentina del ajuste es historia. Recuerdo hace dos a\u00f1os, antes de la pandemia, que no ten\u00edamos previsto negociar la deuda irresponsable que nos dej\u00f3 el macrismo. Hoy si estamos en condiciones de negociar, al haber ahorrado 35 mil millones de d\u00f3lares de deuda privada. Y adem\u00e1s, a pesar de todo, seguimos avanzando en derechos&#8230; Ahora nos queda terminar las discusiones con el FMI, pero me voy a tomar el tiempo que haga falta para garantizar que el acuerdo que se firme nos sirva a los argentinos. Y para que nos sirva, hace falta que el crecimiento del 10% del PIB de hoy no se detenga. Yo les prometo, mir\u00e1ndolos a los ojos, que el a\u00f1o que viene har\u00e9 todo lo que est\u00e9 a mi alcance para que la distribuci\u00f3n del ingreso se mejore, se corrija, y que los salarios crezcan sin que las ganancias queden en los bolsillos de unos pocos.<\/span><\/li>\n<li class=\"p1\"><span class=\"s1\">Hace dos a\u00f1os les propuse tomar un camino, trabajar por m\u00e1s igualdad y justicia social. Quiero decirles que no he abandonado ese camino y espero que todos los argentinos nos sumemos a esa marcha. Esta Argentina no la arregla Alberto o Cristina, esta Argentina la arreglamos entre todos. \u00a1Nadie se salva solo! Quiero confirmar el contrato que hace dos a\u00f1os firmamos en esta plaza, Cristina y yo. No vamos a defeccionar en nada de lo que prometimos aquel d\u00eda. Vamos a hacer todo lo necesario para que la pobreza y hambre vayan desapareciendo de Argentina y que cada argentino tenga un empleo digno. Lo mismo la educaci\u00f3n p\u00fabica que nos dejaron en un nivel de verg\u00fcenza en 2019.<\/span><\/li>\n<\/ul>\n","protected":false},"excerpt":{"rendered":"<p>UNA PLAZA COLMADA Grandes adversidades, grandes acciones El pasado 10 de diciembre se convoc\u00f3 al pueblo a una gran manifestaci\u00f3n en Plaza de Mayo para celebrar el D\u00eda de la Democracia y los Derechos Humanos (a 38 a\u00f1os del fin de la \u00faltima dictadura c\u00edvico-militar). A partir de las tres de la tarde, comenzaron a [&hellip;]<\/p>\n","protected":false},"author":1,"featured_media":6178,"comment_status":"closed","ping_status":"closed","sticky":false,"template":"","format":"standard","meta":{"tdm_status":"","tdm_grid_status":"","footnotes":""},"categories":[4,39],"tags":[],"class_list":["post-6176","post","type-post","status-publish","format-standard","has-post-thumbnail","hentry","category-featured","category-nota-central"],"_links":{"self":[{"href":"https:\/\/pcce.com.ar\/pcce\/wp-json\/wp\/v2\/posts\/6176","targetHints":{"allow":["GET"]}}],"collection":[{"href":"https:\/\/pcce.com.ar\/pcce\/wp-json\/wp\/v2\/posts"}],"about":[{"href":"https:\/\/pcce.com.ar\/pcce\/wp-json\/wp\/v2\/types\/post"}],"author":[{"embeddable":true,"href":"https:\/\/pcce.com.ar\/pcce\/wp-json\/wp\/v2\/users\/1"}],"replies":[{"embeddable":true,"href":"https:\/\/pcce.com.ar\/pcce\/wp-json\/wp\/v2\/comments?post=6176"}],"version-history":[{"count":0,"href":"https:\/\/pcce.com.ar\/pcce\/wp-json\/wp\/v2\/posts\/6176\/revisions"}],"wp:featuredmedia":[{"embeddable":true,"href":"https:\/\/pcce.com.ar\/pcce\/wp-json\/wp\/v2\/media\/6178"}],"wp:attachment":[{"href":"https:\/\/pcce.com.ar\/pcce\/wp-json\/wp\/v2\/media?parent=6176"}],"wp:term":[{"taxonomy":"category","embeddable":true,"href":"https:\/\/pcce.com.ar\/pcce\/wp-json\/wp\/v2\/categories?post=6176"},{"taxonomy":"post_tag","embeddable":true,"href":"https:\/\/pcce.com.ar\/pcce\/wp-json\/wp\/v2\/tags?post=6176"}],"curies":[{"name":"wp","href":"https:\/\/api.w.org\/{rel}","templated":true}]}}