{"id":6211,"date":"2022-03-04T11:55:51","date_gmt":"2022-03-04T14:55:51","guid":{"rendered":"https:\/\/pcce.com.ar\/pcce\/?p=6211"},"modified":"2022-03-04T11:55:51","modified_gmt":"2022-03-04T14:55:51","slug":"regional-sur-gba-ofensiva-y-construccion-popular","status":"publish","type":"post","link":"https:\/\/pcce.com.ar\/pcce\/2022\/03\/04\/regional-sur-gba-ofensiva-y-construccion-popular\/","title":{"rendered":"REGIONAL SUR GBA: Ofensiva y construcci\u00f3n popular"},"content":{"rendered":"<h4 class=\"p1\"><span class=\"s1\">REGIONAL SUR GBA<\/span><\/h4>\n<h1 class=\"p1\"><span class=\"s1\">Ofensiva y <\/span><span class=\"s1\">construcci\u00f3n popular<\/span><\/h1>\n<p class=\"p1\"><span class=\"s1\">La zona sur del GBA tampoco detuvo la iniciativa pol\u00edtica en la calle en el marco de la discusi\u00f3n por el pre acuerdo con el FMI. Tanto en Quilmes, Avellaneda, Lomas de Zamora como en Almirante Brown, se llevaron adelante jornadas de afichadas y pintadas con la consigna \u201cNo pagar la deuda con el hambre del pueblo\u201d, idea central a ejecutar si efectivamente se pretende cumplir con el mandato popular adjudicado al FdT. La actividad de propaganda tambi\u00e9n se hizo fuerte con las mesas ubicadas fundamentalmente en la feria de Solano.<span class=\"Apple-converted-space\">\u00a0<\/span><\/span><\/p>\n<p class=\"p1\"><span class=\"s1\">En Avellaneda, el trabajo cultural tampoco detuvo su marcha gracias a las iniciativas desplegadas en el Centro Cultural El Tu\u00f1\u00f3n. Por el lado de Lomas, el Centro Comunitario Latinoam\u00e9rica Unida sostuvo la construcci\u00f3n de su huerta vecinal, iniciativa popular que pretende abordar las problem\u00e1ticas en torno a los alimentos desde la acci\u00f3n colectiva.<\/span><\/p>\n","protected":false},"excerpt":{"rendered":"<p>REGIONAL SUR GBA Ofensiva y construcci\u00f3n popular La zona sur del GBA tampoco detuvo la iniciativa pol\u00edtica en la calle en el marco de la discusi\u00f3n por el pre acuerdo con el FMI. Tanto en Quilmes, Avellaneda, Lomas de Zamora como en Almirante Brown, se llevaron adelante jornadas de afichadas y pintadas con la consigna [&hellip;]<\/p>\n","protected":false},"author":1,"featured_media":6214,"comment_status":"closed","ping_status":"closed","sticky":false,"template":"","format":"standard","meta":{"tdm_status":"","tdm_grid_status":"","footnotes":""},"categories":[4,9],"tags":[],"class_list":["post-6211","post","type-post","status-publish","format-standard","has-post-thumbnail","hentry","category-featured","category-vidadepartido"],"_links":{"self":[{"href":"https:\/\/pcce.com.ar\/pcce\/wp-json\/wp\/v2\/posts\/6211","targetHints":{"allow":["GET"]}}],"collection":[{"href":"https:\/\/pcce.com.ar\/pcce\/wp-json\/wp\/v2\/posts"}],"about":[{"href":"https:\/\/pcce.com.ar\/pcce\/wp-json\/wp\/v2\/types\/post"}],"author":[{"embeddable":true,"href":"https:\/\/pcce.com.ar\/pcce\/wp-json\/wp\/v2\/users\/1"}],"replies":[{"embeddable":true,"href":"https:\/\/pcce.com.ar\/pcce\/wp-json\/wp\/v2\/comments?post=6211"}],"version-history":[{"count":0,"href":"https:\/\/pcce.com.ar\/pcce\/wp-json\/wp\/v2\/posts\/6211\/revisions"}],"wp:featuredmedia":[{"embeddable":true,"href":"https:\/\/pcce.com.ar\/pcce\/wp-json\/wp\/v2\/media\/6214"}],"wp:attachment":[{"href":"https:\/\/pcce.com.ar\/pcce\/wp-json\/wp\/v2\/media?parent=6211"}],"wp:term":[{"taxonomy":"category","embeddable":true,"href":"https:\/\/pcce.com.ar\/pcce\/wp-json\/wp\/v2\/categories?post=6211"},{"taxonomy":"post_tag","embeddable":true,"href":"https:\/\/pcce.com.ar\/pcce\/wp-json\/wp\/v2\/tags?post=6211"}],"curies":[{"name":"wp","href":"https:\/\/api.w.org\/{rel}","templated":true}]}}