{"id":6256,"date":"2022-03-18T12:32:35","date_gmt":"2022-03-18T15:32:35","guid":{"rendered":"https:\/\/pcce.com.ar\/pcce\/?p=6256"},"modified":"2022-03-18T12:32:35","modified_gmt":"2022-03-18T15:32:35","slug":"vicente-lopez-pena-por-la-memoria","status":"publish","type":"post","link":"https:\/\/pcce.com.ar\/pcce\/2022\/03\/18\/vicente-lopez-pena-por-la-memoria\/","title":{"rendered":"VICENTE L\u00d3PEZ: Pe\u00f1a por la Memoria"},"content":{"rendered":"<h4 class=\"p1\"><span class=\"s1\">VICENTE L\u00d3PEZ<\/span><\/h4>\n<h1 class=\"p1\"><span class=\"s1\">Pe\u00f1a por la Memoria<\/span><\/h1>\n<p class=\"p1\"><span class=\"s1\">En el marco del ciclo de pe\u00f1as \u2018Ra\u00edces latinoamericanas\u2019 del Centro Cultural Mercedes Sosa en Munro, el pasado s\u00e1bado 12 de marzo llevamos adelante la Pe\u00f1a por la Memoria de cara a la movilizaci\u00f3n del 24 de marzo.<\/span><\/p>\n<p class=\"p1\"><span class=\"s1\">La noche comenz\u00f3 con algunos n\u00fameros musicales de compa\u00f1eros y amigos que nos deleitaron con algunas canciones del rock nacional y de nuestra m\u00fasica popular latinoamericana.<span class=\"Apple-converted-space\">\u00a0<\/span><\/span><\/p>\n<p class=\"p1\"><span class=\"s1\">Mientras el local se iba llenando de vecinos, camaradas y familias, lleg\u00f3 el turno del folclore que vino de la mano de Luis Coria y su grupo.<\/span><\/p>\n<p class=\"p1\"><span class=\"s1\">Promediando la jornada, fue el turno de las intervenciones pol\u00edticas, alusivas a la consigna de la Pe\u00f1a. Julio Cuadros, hist\u00f3rico militante del Partido y familiar de desaparecidos, abri\u00f3 las intervenciones se\u00f1alando la continuidad hist\u00f3rica de la lucha de los 30.000, su sentido popular y heterog\u00e9neo. Julio cerr\u00f3 recordando que la mejor manera de conmemorar a nuestros m\u00e1rtires es militando con la alegr\u00eda con la cual y por la cual ellos lucharon. Luego intervino nuestro Secretario General Pablo Pereyra, subrayando el hilo conductor que conecta a la pol\u00edtica neoliberal de la dictadura con las actuales imposiciones del FMI. En este sentido, Pablo se\u00f1al\u00f3 que el campo popular, ayer como hoy, tiene un \u00fanico camino para avanzar en la construcci\u00f3n de una sociedad m\u00e1s justa: la lucha.<\/span><\/p>\n<p class=\"p1\"><span class=\"s1\">Finalmente, la Pe\u00f1a concluy\u00f3 con dos n\u00fameros musicales. Primero Mu\u00f1ecos de la Gorra, que interpret\u00f3 varios temas ic\u00f3nicos del rock nacional y luego el grupo de Carolina Dussaut que dio el broche folcl\u00f3rico a una jornada cargada de cultura, compa\u00f1erismo y alegr\u00eda militante.<\/span><\/p>\n","protected":false},"excerpt":{"rendered":"<p>VICENTE L\u00d3PEZ Pe\u00f1a por la Memoria En el marco del ciclo de pe\u00f1as \u2018Ra\u00edces latinoamericanas\u2019 del Centro Cultural Mercedes Sosa en Munro, el pasado s\u00e1bado 12 de marzo llevamos adelante la Pe\u00f1a por la Memoria de cara a la movilizaci\u00f3n del 24 de marzo. La noche comenz\u00f3 con algunos n\u00fameros musicales de compa\u00f1eros y amigos [&hellip;]<\/p>\n","protected":false},"author":1,"featured_media":6263,"comment_status":"closed","ping_status":"closed","sticky":false,"template":"","format":"standard","meta":{"tdm_status":"","tdm_grid_status":"","footnotes":""},"categories":[4,9],"tags":[],"class_list":["post-6256","post","type-post","status-publish","format-standard","has-post-thumbnail","hentry","category-featured","category-vidadepartido"],"_links":{"self":[{"href":"https:\/\/pcce.com.ar\/pcce\/wp-json\/wp\/v2\/posts\/6256","targetHints":{"allow":["GET"]}}],"collection":[{"href":"https:\/\/pcce.com.ar\/pcce\/wp-json\/wp\/v2\/posts"}],"about":[{"href":"https:\/\/pcce.com.ar\/pcce\/wp-json\/wp\/v2\/types\/post"}],"author":[{"embeddable":true,"href":"https:\/\/pcce.com.ar\/pcce\/wp-json\/wp\/v2\/users\/1"}],"replies":[{"embeddable":true,"href":"https:\/\/pcce.com.ar\/pcce\/wp-json\/wp\/v2\/comments?post=6256"}],"version-history":[{"count":0,"href":"https:\/\/pcce.com.ar\/pcce\/wp-json\/wp\/v2\/posts\/6256\/revisions"}],"wp:featuredmedia":[{"embeddable":true,"href":"https:\/\/pcce.com.ar\/pcce\/wp-json\/wp\/v2\/media\/6263"}],"wp:attachment":[{"href":"https:\/\/pcce.com.ar\/pcce\/wp-json\/wp\/v2\/media?parent=6256"}],"wp:term":[{"taxonomy":"category","embeddable":true,"href":"https:\/\/pcce.com.ar\/pcce\/wp-json\/wp\/v2\/categories?post=6256"},{"taxonomy":"post_tag","embeddable":true,"href":"https:\/\/pcce.com.ar\/pcce\/wp-json\/wp\/v2\/tags?post=6256"}],"curies":[{"name":"wp","href":"https:\/\/api.w.org\/{rel}","templated":true}]}}