{"id":6350,"date":"2022-04-25T14:04:27","date_gmt":"2022-04-25T17:04:27","guid":{"rendered":"https:\/\/pcce.com.ar\/pcce\/?p=6350"},"modified":"2022-04-25T14:04:27","modified_gmt":"2022-04-25T17:04:27","slug":"a-9-anos-de-su-partida-fisica-jorge-pereyra-el-organizador-de-partido","status":"publish","type":"post","link":"https:\/\/pcce.com.ar\/pcce\/2022\/04\/25\/a-9-anos-de-su-partida-fisica-jorge-pereyra-el-organizador-de-partido\/","title":{"rendered":"A 9 A\u00d1OS DE SU PARTIDA F\u00cdSICA: Jorge Pereyra, el organizador de Partido"},"content":{"rendered":"<h4 class=\"p1\"><span class=\"s1\">A 9 A\u00d1OS DE SU PARTIDA F\u00cdSICA<\/span><\/h4>\n<h1 class=\"p1\"><span class=\"s1\">Jorge Pereyra, <\/span><span class=\"s1\">el organizador <\/span><span class=\"s1\">de Partido<\/span><\/h1>\n<p class=\"p1\"><span class=\"s1\">Por Rodolfo G. M\u00f3dena<\/span><\/p>\n<p class=\"p1\"><span class=\"s1\">El 26 de abril de 2013, hace nueve a\u00f1os, nos dejaba f\u00edsicamente el querido e inolvidable camarada Jorge Pereyra; fundador y primer Secretario General del PCCE.<\/span><\/p>\n<p class=\"p1\"><span class=\"s1\">Muchas veces hemos recordado a Jorge en estas p\u00e1ginas. Lo hemos hecho en su rol de Secretario General de la Federaci\u00f3n Juvenil Comunista en la d\u00e9cada del 70 y su destacado papel en la conformaci\u00f3n del Movimiento de Juventudes Pol\u00edticas, especialmente con la Juventud Peronista y otras fuerzas juveniles de la heroica generaci\u00f3n setentista, diezmada por el enemigo imperialista y fascista. Tambi\u00e9n como fundador del PCCE, luego de dar batalla contra el liquidacionismo en el seno del Partido Comunista; liquidacionismo tanto de su gran fuerza pol\u00edtica organizada, como de su esp\u00edritu mismo: la ideolog\u00eda del marxismo-leninismo, su identidad hist\u00f3rica, su car\u00e1cter de clase, su organizaci\u00f3n leninista y su l\u00ednea pol\u00edtica del frentismo de liberaci\u00f3n nacional y social. Combatiendo al oportunismo de izquierda y de derecha, ora al trotskista, ora al socialdem\u00f3crata.<span class=\"Apple-converted-space\">\u00a0<\/span><\/span><\/p>\n<p class=\"p1\"><span class=\"s1\">Este 26 de abril lo volvemos a reivindicar, pero esta vez, haciendo eje en sus extraordinarias dotes de organizador.<\/span><\/p>\n<p class=\"p1\"><span class=\"s1\">Jorge, luego de haber sido Secretario General de la gloriosa Fede, pas\u00f3 a asumir la enorme responsabilidad de ser el Secretario de Organizaci\u00f3n del Comit\u00e9 Central del Partido Comunista, funci\u00f3n que desempe\u00f1\u00f3 entre 1980 y 1990.<\/span><\/p>\n<p class=\"p1\"><span class=\"s1\">Quienes continuamos en el camino abierto por el mejor disc\u00edpulo y heredero de Victorio Codovilla, no podemos dejar de transmitir a las nuevas generaciones de militantes comunistas la dedicaci\u00f3n del camarada Pereyra por el desarrollo de la organizaci\u00f3n celular y el centralismo democr\u00e1tico, las grandes campa\u00f1as nacionales de agitaci\u00f3n y propaganda, con volanteadas, piqueteos de la prensa, pintadas, inmensos y hermosos murales; pol\u00edticas de concentraci\u00f3n con bloqueos de f\u00e1bricas, escuelas y universidades, abordajes de barrios, campa\u00f1as financieras, planes de reclutamiento, escuelas de formaci\u00f3n de cuadros, centralizadas o sincronizadas en todo el pa\u00eds, eran m\u00e9rito de la muy aceitada organizaci\u00f3n leninista. La organizaci\u00f3n cuasi perfecta de las grandes columnas del PC y la FJC en cuanta movilizaci\u00f3n popular se convocara, eran la envidia de todas las fuerzas democr\u00e1ticas y populares, as\u00ed como uno de los tantos motivos de orgullo de los comunistas argentinos. El orden, la disciplina consciente, las consignas, la autodefensa de masas, la log\u00edstica de transporte, viandas, atenci\u00f3n sanitaria y asistencia legal cuando fueran necesarias, eran un sello de distinci\u00f3n de la organizaci\u00f3n partidaria.<span class=\"Apple-converted-space\">\u00a0<\/span><\/span><\/p>\n<p class=\"p1\"><span class=\"s1\">Jorge insist\u00eda siempre en la necesidad de recuperar los atributos del Partido revolucionario de la clase obrera, se\u00f1alando que los principios organizativos del mismo, concebido como un sistema de organizaciones, eran tan importantes de recuperar como la ideolog\u00eda, la identidad y la l\u00ednea pol\u00edtica. M\u00e1s aun, fundamentales, para darle vigor y eficacia a la acci\u00f3n pol\u00edtica, en cualquier circunstancia en que le tocara actuar al Partido.<\/span><\/p>\n<p class=\"p1\"><span class=\"s1\">Tales atributos, unidos a una personalidad como la de Jorge, su calidad humana, su esp\u00edritu de sacrificio en la militancia cotidiana, su autoridad pol\u00edtica y moral basada en su autoexigencia, en primer lugar, para exigir compromiso a la organizaci\u00f3n y a los cuadros y militantes; su capacidad de escuchar e interpretar a los camaradas, su cualidad de saber comprender y encontrar la mejor fibra en cada uno, la m\u00e1s \u00fatil al Partido, a la vez que la m\u00e1s acorde con las caracter\u00edsticas personales de cada cuadro o militante.<span class=\"Apple-converted-space\">\u00a0<\/span><\/span><\/p>\n<p class=\"p1\"><span class=\"s1\">Tales atributos hicieron de Jorge Pereyra, el gran organizador, el m\u00e1s querido y tambi\u00e9n odiado -pero siempre-, el dirigente comunista argentino m\u00e1s respetado.<\/span><\/p>\n<p class=\"p1\"><span class=\"s1\">Tales atributos son los que hacen y har\u00e1n grande al Partido Comunista Congreso Extraordinario y su l\u00ednea pol\u00edtica frentista y revolucionaria.<\/span><\/p>\n","protected":false},"excerpt":{"rendered":"<p>A 9 A\u00d1OS DE SU PARTIDA F\u00cdSICA Jorge Pereyra, el organizador de Partido Por Rodolfo G. M\u00f3dena El 26 de abril de 2013, hace nueve a\u00f1os, nos dejaba f\u00edsicamente el querido e inolvidable camarada Jorge Pereyra; fundador y primer Secretario General del PCCE. Muchas veces hemos recordado a Jorge en estas p\u00e1ginas. Lo hemos hecho [&hellip;]<\/p>\n","protected":false},"author":1,"featured_media":6356,"comment_status":"closed","ping_status":"closed","sticky":false,"template":"","format":"standard","meta":{"tdm_status":"","tdm_grid_status":"","footnotes":""},"categories":[17,4],"tags":[],"class_list":["post-6350","post","type-post","status-publish","format-standard","has-post-thumbnail","hentry","category-contratapa","category-featured"],"_links":{"self":[{"href":"https:\/\/pcce.com.ar\/pcce\/wp-json\/wp\/v2\/posts\/6350","targetHints":{"allow":["GET"]}}],"collection":[{"href":"https:\/\/pcce.com.ar\/pcce\/wp-json\/wp\/v2\/posts"}],"about":[{"href":"https:\/\/pcce.com.ar\/pcce\/wp-json\/wp\/v2\/types\/post"}],"author":[{"embeddable":true,"href":"https:\/\/pcce.com.ar\/pcce\/wp-json\/wp\/v2\/users\/1"}],"replies":[{"embeddable":true,"href":"https:\/\/pcce.com.ar\/pcce\/wp-json\/wp\/v2\/comments?post=6350"}],"version-history":[{"count":0,"href":"https:\/\/pcce.com.ar\/pcce\/wp-json\/wp\/v2\/posts\/6350\/revisions"}],"wp:featuredmedia":[{"embeddable":true,"href":"https:\/\/pcce.com.ar\/pcce\/wp-json\/wp\/v2\/media\/6356"}],"wp:attachment":[{"href":"https:\/\/pcce.com.ar\/pcce\/wp-json\/wp\/v2\/media?parent=6350"}],"wp:term":[{"taxonomy":"category","embeddable":true,"href":"https:\/\/pcce.com.ar\/pcce\/wp-json\/wp\/v2\/categories?post=6350"},{"taxonomy":"post_tag","embeddable":true,"href":"https:\/\/pcce.com.ar\/pcce\/wp-json\/wp\/v2\/tags?post=6350"}],"curies":[{"name":"wp","href":"https:\/\/api.w.org\/{rel}","templated":true}]}}