{"id":6378,"date":"2022-05-09T11:35:51","date_gmt":"2022-05-09T14:35:51","guid":{"rendered":"https:\/\/pcce.com.ar\/pcce\/?p=6378"},"modified":"2022-05-09T11:35:51","modified_gmt":"2022-05-09T14:35:51","slug":"gral-rodriguez-distincion-a-las-veteranas-de-guerra","status":"publish","type":"post","link":"https:\/\/pcce.com.ar\/pcce\/2022\/05\/09\/gral-rodriguez-distincion-a-las-veteranas-de-guerra\/","title":{"rendered":"GRAL. RODR\u00cdGUEZ: Distinci\u00f3n a las veteranas de guerra"},"content":{"rendered":"<h4>GRAL. RODR\u00cdGUEZ<\/h4>\n<h1>Distinci\u00f3n a las veteranas de guerra<\/h1>\n<p class=\"p1\"><span class=\"s1\">Nuestra camarada Florencia Gelvez, encargada de orientar las pol\u00edticas culturales en la localidad, particip\u00f3 de una actividad promovida por el municipio para realizar un mural en el marco del 40\u00b0 aniversario de Malvinas, y fue seleccionada por la Direcci\u00f3n de Cultura, otorg\u00e1ndole un reconocimiento. Su trabajo aport\u00f3 una mirada con perspectiva de g\u00e9nero, como homenaje a las veteranas de guerra que participaron del conflicto y durante muchos a\u00f1os fueron invisibilizadas. \u201cLas expresiones art\u00edsticas son una gran herramienta de lucha que el pueblo supo utilizar y desde el PCCE en General Rodr\u00edguez nos vamos a enfocar en aportar esa mirada cr\u00edtica hacia las injusticias que sufren nuestros pueblos y como trabajadores de la cultura no vamos a dejar de manifestar\u201d, expres\u00f3 Florencia.<\/span><\/p>\n","protected":false},"excerpt":{"rendered":"<p>GRAL. RODR\u00cdGUEZ Distinci\u00f3n a las veteranas de guerra Nuestra camarada Florencia Gelvez, encargada de orientar las pol\u00edticas culturales en la localidad, particip\u00f3 de una actividad promovida por el municipio para realizar un mural en el marco del 40\u00b0 aniversario de Malvinas, y fue seleccionada por la Direcci\u00f3n de Cultura, otorg\u00e1ndole un reconocimiento. Su trabajo aport\u00f3 [&hellip;]<\/p>\n","protected":false},"author":1,"featured_media":6388,"comment_status":"closed","ping_status":"closed","sticky":false,"template":"","format":"standard","meta":{"tdm_status":"","tdm_grid_status":"","footnotes":""},"categories":[4,9],"tags":[],"class_list":["post-6378","post","type-post","status-publish","format-standard","has-post-thumbnail","hentry","category-featured","category-vidadepartido"],"_links":{"self":[{"href":"https:\/\/pcce.com.ar\/pcce\/wp-json\/wp\/v2\/posts\/6378","targetHints":{"allow":["GET"]}}],"collection":[{"href":"https:\/\/pcce.com.ar\/pcce\/wp-json\/wp\/v2\/posts"}],"about":[{"href":"https:\/\/pcce.com.ar\/pcce\/wp-json\/wp\/v2\/types\/post"}],"author":[{"embeddable":true,"href":"https:\/\/pcce.com.ar\/pcce\/wp-json\/wp\/v2\/users\/1"}],"replies":[{"embeddable":true,"href":"https:\/\/pcce.com.ar\/pcce\/wp-json\/wp\/v2\/comments?post=6378"}],"version-history":[{"count":0,"href":"https:\/\/pcce.com.ar\/pcce\/wp-json\/wp\/v2\/posts\/6378\/revisions"}],"wp:featuredmedia":[{"embeddable":true,"href":"https:\/\/pcce.com.ar\/pcce\/wp-json\/wp\/v2\/media\/6388"}],"wp:attachment":[{"href":"https:\/\/pcce.com.ar\/pcce\/wp-json\/wp\/v2\/media?parent=6378"}],"wp:term":[{"taxonomy":"category","embeddable":true,"href":"https:\/\/pcce.com.ar\/pcce\/wp-json\/wp\/v2\/categories?post=6378"},{"taxonomy":"post_tag","embeddable":true,"href":"https:\/\/pcce.com.ar\/pcce\/wp-json\/wp\/v2\/tags?post=6378"}],"curies":[{"name":"wp","href":"https:\/\/api.w.org\/{rel}","templated":true}]}}