{"id":6458,"date":"2022-06-03T17:05:12","date_gmt":"2022-06-03T20:05:12","guid":{"rendered":"https:\/\/pcce.com.ar\/pcce\/?p=6458"},"modified":"2022-06-03T17:05:12","modified_gmt":"2022-06-03T20:05:12","slug":"necesitamos-otro-rumbo-economico-hasta-cuando","status":"publish","type":"post","link":"https:\/\/pcce.com.ar\/pcce\/2022\/06\/03\/necesitamos-otro-rumbo-economico-hasta-cuando\/","title":{"rendered":"NECESITAMOS OTRO RUMBO ECON\u00d3MICO: \u00bfHasta cu\u00e1ndo?"},"content":{"rendered":"<h4>NECESITAMOS OTRO RUMBO ECON\u00d3MICO<\/h4>\n<h1>\u00bfHasta cu\u00e1ndo?<\/h1>\n<p class=\"p1\"><span class=\"s1\">En un apretado resumen deber\u00edamos decir que el imperialismo norteamericano profundiza su crisis de hegemon\u00eda. El conflicto promovido en el este europeo se orienta hacia un fortalecimiento de la Federaci\u00f3n Rusa en el terreno pol\u00edtico y militar. Las sanciones de occidente cohesionaron el eje ruso-chino con grados de integraci\u00f3n sin precedentes, mientras que a Europa la sumi\u00f3 en una inquietante inestabilidad energ\u00e9tica. Forzado por una creciente debilidad, Biden intensifica las provocaciones en el mar de China Meridional y sobre la isla de Taiw\u00e1n, abriendo frentes de conflicto simult\u00e1neos con dos de las principales potencias globales.<\/span><\/p>\n<p class=\"p1\"><span class=\"s1\">El marcado aislamiento de los Estados Unidos resulta ser el principal elemento de la Cumbre de las Am\u00e9ricas que se realizar\u00e1 en los pr\u00f3ximos d\u00edas. El intento por aislar a Cuba, Venezuela y Nicaragua deriv\u00f3 en un repudio generalizado seguido por el anuncio de una ristra de ausencias. Uno de los que confirm\u00f3 su asistencia es Alberto Fern\u00e1ndez aunque, seg\u00fan se inform\u00f3, para expresar la protesta mayoritaria de los pa\u00edses que integran la CELAC.<\/span><\/p>\n<p class=\"p1\"><span class=\"s1\">Am\u00e9rica Latina atraviesa un periodo de avances en un sentido progresista. La reciente victoria de Gustavo Petro en Colombia es un acontecimiento hist\u00f3rico por tratarse, entre otras cosas, del principal enclave militar de los yanquis en nuestro continente. El 19 de junio se definir\u00e1 en segunda vuelta. As\u00ed como en Per\u00fa y Chile (antes en la Argentina), el desastre neoliberal gener\u00f3 las condiciones de lucha, conciencia y acumulaci\u00f3n que posibilitaron un cambio de signo pol\u00edtico. Sin embargo, nadie dispone de lustros o d\u00e9cadas para atender las urgencias de las mayor\u00edas. Le pasa a Castillo, a Fern\u00e1ndez y al muy reciente Gabriel Boric. El enemigo ya tiene los relevos para canalizar, por extrema derecha, el descontento generado por la obscena desigualdad vigente.<\/span><\/p>\n<p class=\"p1\"><span class=\"s1\">La riqueza de los milmillonarios aument\u00f3 m\u00e1s durante los 24 primeros meses de la pandemia que durante los 23 a\u00f1os que transcurrieron entre 1987 y 2010. El total que acumulan equivale al 13,9% del PBI mundial, habi\u00e9ndose triplicado desde el a\u00f1o 2000, cuando supon\u00eda el 4,4%. Por esto, 573 personas se convirtieron en milmillonarias durante la pandemia, a raz\u00f3n de un nuevo milmillonario cada 30 horas. Contrariamente, este a\u00f1o se espera que 263 millones de personas m\u00e1s se vean sumidas en la pobreza extrema, a un ritmo de un mill\u00f3n de personas cada 33 horas. Medio mill\u00f3n de pobres m\u00e1s por cada nuevo milmillonario. El capitalismo transnacionalizado condena al grueso de la humanidad a ser un enorme ej\u00e9rcito de reserva.<span class=\"Apple-converted-space\">\u00a0<\/span><\/span><\/p>\n<p class=\"p1\"><span class=\"s1\">Si nuestro gobierno (por acci\u00f3n u omisi\u00f3n) s\u00f3lo distribuye entre los que m\u00e1s tienen, vamos a contribuir a la continuidad del neoliberalismo en nuestro pa\u00eds. Luego del culebr\u00f3n respecto a <em>retenciones s\u00ed, retenciones no,<\/em> se infiere que existe la decisi\u00f3n de no avanzar, de no redistribuir la renta nacional en beneficio de los laburantes, ni siquiera en tiempos de recuperaci\u00f3n econ\u00f3mica. El gabinete econ\u00f3mico (incluido el presidente) comparte \u00e1gapes, mesas y manteles con Rocca (Techint), Pagani (Arcor) y Magnetto (Clar\u00edn), a los que les \u201cpide colaboraci\u00f3n\u201d con los precios y el clima de expectativas. \u00bfHasta cu\u00e1ndo piensan seguir con la misma cantinela? \u00bfQu\u00e9 tipo de reacci\u00f3n popular est\u00e1n esperando?<\/span><\/p>\n<p class=\"p1\"><span class=\"s1\">Alberto afirm\u00f3 d\u00edas atr\u00e1s que prefiere no dar ciertas batallas para no ser derrotado. El asunto es que se tiene que apoyar en el pueblo que lo vot\u00f3 en el 2019 para dar precisamente esas peleas. La lucha por los intereses de las mayor\u00edas se define primero en la calle, despu\u00e9s en los \u00e1mbitos parlamentarios. La lucha genera conciencia, la conciencia otro escal\u00f3n de las luchas, que a su vez es lo que permite arrancar derechos y conquistas. Pero hay que empezar. Si no, son derrotas autoinfligidas.<span class=\"Apple-converted-space\">\u00a0<\/span><\/span><\/p>\n","protected":false},"excerpt":{"rendered":"<p>NECESITAMOS OTRO RUMBO ECON\u00d3MICO \u00bfHasta cu\u00e1ndo? En un apretado resumen deber\u00edamos decir que el imperialismo norteamericano profundiza su crisis de hegemon\u00eda. El conflicto promovido en el este europeo se orienta hacia un fortalecimiento de la Federaci\u00f3n Rusa en el terreno pol\u00edtico y militar. Las sanciones de occidente cohesionaron el eje ruso-chino con grados de integraci\u00f3n [&hellip;]<\/p>\n","protected":false},"author":1,"featured_media":6465,"comment_status":"closed","ping_status":"closed","sticky":false,"template":"","format":"standard","meta":{"tdm_status":"","tdm_grid_status":"","footnotes":""},"categories":[21,4],"tags":[],"class_list":["post-6458","post","type-post","status-publish","format-standard","has-post-thumbnail","hentry","category-editorial","category-featured"],"_links":{"self":[{"href":"https:\/\/pcce.com.ar\/pcce\/wp-json\/wp\/v2\/posts\/6458","targetHints":{"allow":["GET"]}}],"collection":[{"href":"https:\/\/pcce.com.ar\/pcce\/wp-json\/wp\/v2\/posts"}],"about":[{"href":"https:\/\/pcce.com.ar\/pcce\/wp-json\/wp\/v2\/types\/post"}],"author":[{"embeddable":true,"href":"https:\/\/pcce.com.ar\/pcce\/wp-json\/wp\/v2\/users\/1"}],"replies":[{"embeddable":true,"href":"https:\/\/pcce.com.ar\/pcce\/wp-json\/wp\/v2\/comments?post=6458"}],"version-history":[{"count":0,"href":"https:\/\/pcce.com.ar\/pcce\/wp-json\/wp\/v2\/posts\/6458\/revisions"}],"wp:featuredmedia":[{"embeddable":true,"href":"https:\/\/pcce.com.ar\/pcce\/wp-json\/wp\/v2\/media\/6465"}],"wp:attachment":[{"href":"https:\/\/pcce.com.ar\/pcce\/wp-json\/wp\/v2\/media?parent=6458"}],"wp:term":[{"taxonomy":"category","embeddable":true,"href":"https:\/\/pcce.com.ar\/pcce\/wp-json\/wp\/v2\/categories?post=6458"},{"taxonomy":"post_tag","embeddable":true,"href":"https:\/\/pcce.com.ar\/pcce\/wp-json\/wp\/v2\/tags?post=6458"}],"curies":[{"name":"wp","href":"https:\/\/api.w.org\/{rel}","templated":true}]}}