{"id":6461,"date":"2022-06-03T16:59:22","date_gmt":"2022-06-03T19:59:22","guid":{"rendered":"https:\/\/pcce.com.ar\/pcce\/?p=6461"},"modified":"2022-06-03T16:59:22","modified_gmt":"2022-06-03T19:59:22","slug":"caba-movilizacion-juvenil-contra-larreta","status":"publish","type":"post","link":"https:\/\/pcce.com.ar\/pcce\/2022\/06\/03\/caba-movilizacion-juvenil-contra-larreta\/","title":{"rendered":"CABA:  Movilizaci\u00f3n juvenil contra Larreta"},"content":{"rendered":"<h4 class=\"p1\"><span class=\"s1\">CABA<span class=\"Apple-converted-space\">\u00a0<\/span><\/span><\/h4>\n<h1 class=\"p1\"><span class=\"s1\">Movilizaci\u00f3n juvenil contra Larreta<\/span><\/h1>\n<p class=\"p1\"><span class=\"s1\">D\u00edas atr\u00e1s participamos de la Caravana de la Juventud, que se moviliz\u00f3 desde Parque Chacabuco hasta la Jefatura de Gobierno de la Ciudad. La convocatoria, compuesta de la militancia de las organizaciones juveniles del FdT, se dirigi\u00f3 contra el gobierno de Larreta, denunciando el modelo neoliberal que promueve e implementa.<span class=\"Apple-converted-space\">\u00a0<\/span><\/span><\/p>\n<p class=\"p1\"><span class=\"s1\">Desde la juventud del Partido sostenemos la necesidad de salir a convocar a las organizaciones juveniles, centros de estudiantes terciarios y secundarios, clubes, etc. La movilizaci\u00f3n no puede quedar reducida a un hecho pol\u00edtico formal, entre convencidxs. Menos a\u00fan en un momento donde Larreta arrecia su agresi\u00f3n a la educaci\u00f3n p\u00fablica, avanzando con la precarizadora reforma del estatuto docente y la nefasta \u2018NES\u2019 (que, entre otras cosas, reemplaza horas de escuela por horas de trabajo no remunerado al servicio de empresas amigas del larretismo). Tampoco podemos olvidar que el debate prioritario es el nacional: lo que est\u00e1 en juego en la batalla contra Larreta en la ciudad es la necesidad de derrotar a una de las variantes de un posible retorno del neoliberalismo en nuestra Patria.<\/span><\/p>\n<p class=\"p1\"><span class=\"s1\">Por eso, la tarea que nosotros nos planteamos es ir abajo, junto a los pibxs, a militar y movilizar en la resistencia, con el horizonte pol\u00edtico nacional del proyecto popular, democr\u00e1tico y latinoamericanista que encarna Cristina.<\/span><\/p>\n","protected":false},"excerpt":{"rendered":"<p>CABA\u00a0 Movilizaci\u00f3n juvenil contra Larreta D\u00edas atr\u00e1s participamos de la Caravana de la Juventud, que se moviliz\u00f3 desde Parque Chacabuco hasta la Jefatura de Gobierno de la Ciudad. La convocatoria, compuesta de la militancia de las organizaciones juveniles del FdT, se dirigi\u00f3 contra el gobierno de Larreta, denunciando el modelo neoliberal que promueve e implementa.\u00a0 [&hellip;]<\/p>\n","protected":false},"author":1,"featured_media":6468,"comment_status":"closed","ping_status":"closed","sticky":false,"template":"","format":"standard","meta":{"tdm_status":"","tdm_grid_status":"","footnotes":""},"categories":[4,9],"tags":[],"class_list":["post-6461","post","type-post","status-publish","format-standard","has-post-thumbnail","hentry","category-featured","category-vidadepartido"],"_links":{"self":[{"href":"https:\/\/pcce.com.ar\/pcce\/wp-json\/wp\/v2\/posts\/6461","targetHints":{"allow":["GET"]}}],"collection":[{"href":"https:\/\/pcce.com.ar\/pcce\/wp-json\/wp\/v2\/posts"}],"about":[{"href":"https:\/\/pcce.com.ar\/pcce\/wp-json\/wp\/v2\/types\/post"}],"author":[{"embeddable":true,"href":"https:\/\/pcce.com.ar\/pcce\/wp-json\/wp\/v2\/users\/1"}],"replies":[{"embeddable":true,"href":"https:\/\/pcce.com.ar\/pcce\/wp-json\/wp\/v2\/comments?post=6461"}],"version-history":[{"count":0,"href":"https:\/\/pcce.com.ar\/pcce\/wp-json\/wp\/v2\/posts\/6461\/revisions"}],"wp:featuredmedia":[{"embeddable":true,"href":"https:\/\/pcce.com.ar\/pcce\/wp-json\/wp\/v2\/media\/6468"}],"wp:attachment":[{"href":"https:\/\/pcce.com.ar\/pcce\/wp-json\/wp\/v2\/media?parent=6461"}],"wp:term":[{"taxonomy":"category","embeddable":true,"href":"https:\/\/pcce.com.ar\/pcce\/wp-json\/wp\/v2\/categories?post=6461"},{"taxonomy":"post_tag","embeddable":true,"href":"https:\/\/pcce.com.ar\/pcce\/wp-json\/wp\/v2\/tags?post=6461"}],"curies":[{"name":"wp","href":"https:\/\/api.w.org\/{rel}","templated":true}]}}