{"id":6475,"date":"2022-06-03T17:03:30","date_gmt":"2022-06-03T20:03:30","guid":{"rendered":"https:\/\/pcce.com.ar\/pcce\/?p=6475"},"modified":"2022-06-03T17:03:30","modified_gmt":"2022-06-03T20:03:30","slug":"oea-alba-brics-y-g7-cumbres-y-lucha-de-clases","status":"publish","type":"post","link":"https:\/\/pcce.com.ar\/pcce\/2022\/06\/03\/oea-alba-brics-y-g7-cumbres-y-lucha-de-clases\/","title":{"rendered":"OEA &#8211; ALBA &#8211; BRICS y G7:  Cumbres y lucha de clases"},"content":{"rendered":"<h4 class=\"p1\"><span class=\"s1\">OEA &#8211; ALBA &#8211; BRICS y G7<\/span><\/h4>\n<h1 class=\"p1\"><span class=\"s1\">Cumbres y lucha de clases<\/span><\/h1>\n<p class=\"p1\"><span class=\"s1\">Por Rodolfo G. M\u00f3dena<\/span><\/p>\n<p class=\"p1\"><span class=\"s1\">Nuevos y auspiciosos vientos soplan en el mundo, pero el imperialismo norteamericano se resiste a aceptar su p\u00e9rdida de hegemon\u00eda y el actual proceso de reconfiguraci\u00f3n del orden mundial basado en la multilateralidad. Es que lo que para la mayor\u00eda de los pueblos y naciones son vientos, para el yanqui son borrascas.<\/span><\/p>\n<p class=\"p1\"><span class=\"s1\">Mientras la realizaci\u00f3n de la IX Cumbre de las Am\u00e9ricas de Los \u00c1ngeles sigue debati\u00e9ndose entre el bochorno y el fracaso, demostr\u00e1ndose una vez m\u00e1s que Estados Unidos ya no es capaz de hacer lo que quiere en el continente, este 27 de mayo en La Habana acaba de celebrarse la XXI Cumbre de Jefes de Estado y de Gobierno de la Alianza Bolivariana para los Pueblos de Nuestra Am\u00e9rica &#8211; Tratado de Comercio de los Pueblos (ALBA-TCP) para repudiar a los Estados Unidos por su pretensi\u00f3n de excluir a Cuba, Nicaragua y Venezuela de la cita continental: \u201cEsa decisi\u00f3n unilateral constituye un grave retroceso hist\u00f3rico en las relaciones hemisf\u00e9ricas que ofende a los pueblos latinoamericanos y caribe\u00f1os\u201d .<\/span><\/p>\n<p class=\"p1\"><span class=\"s1\">Cabe recordar que el ALBA, (integrada por Antigua y Barbuda, Bolivia, Cuba, Dominica, Granada, Nicaragua, Santa Luc\u00eda, San Crist\u00f3bal y Nieves, San Vicente y las Granadinas y Venezuela) naci\u00f3 en 2004 como respuesta a la iniciativa imperialista de la Alianza de Libre Comercio de las Am\u00e9ricas (ALCA), aquella que fuera derrotada contundentemente en la II Cumbre de las Am\u00e9ricas, aquel hist\u00f3rico 5 de noviembre de 2005 en Mar del Plata, de la mano de la determinaci\u00f3n patri\u00f3tica de N\u00e9stor Kirchner, Lula Da Silva y Hugo Ch\u00e1vez, que la mandaron \u201cALCARAJO\u201d.<\/span><\/p>\n<p class=\"p1\"><span class=\"s1\">Por otra parte, ante la insistente negativa de la administraci\u00f3n Biden, la Argentina -que ejerce la presidencia pro tempore de la Comunidad de Estados Latinoamericanos y Caribe\u00f1os (CELAC) &#8211; impulsa la idea de realizar una reuni\u00f3n con los miembros presentes de ese bloque regional para fijar posici\u00f3n al respecto en la misma Los \u00c1ngeles. Sin embargo, acostumbrado a los virajes err\u00e1ticos, Alberto se desdice de la iniciativa y designa a Gustavo Beliz, el funcionario del gobierno m\u00e1s cercano a los intereses de Estados Unidos, para hacerse cargo de los asuntos de la Cumbre.<\/span><\/p>\n<p class=\"p1\"><span class=\"s1\">Entretanto, el presidente recibi\u00f3 en la Casa Rosada a Christopher Dodd, asesor especial del Gobierno de EE.UU. para la Cumbre de las Am\u00e9ricas, y en quien Biden confi\u00f3 la tarea de asegurar la participaci\u00f3n de los mandatarios de la Argentina, Brasil y M\u00e9xico, los tres pa\u00edses m\u00e1s grandes de la regi\u00f3n. Estados Unidos ha tenido \u201cuna pol\u00edtica dif\u00edcil\u201d con Donald Trump, \u201cy no cambi\u00f3 demasiado con la nueva gesti\u00f3n respecto a Latinoam\u00e9rica\u201d, le dijo el mandatario argentino a Dodd, y afirm\u00f3 sentir \u201cverg\u00fcenza\u201d que \u201chaya un bloqueo de seis d\u00e9cadas a Cuba y de cinco a\u00f1os a Venezuela\u201d.<\/span><\/p>\n<p class=\"p1\"><span class=\"s1\">Este mes (el 24 de junio) tendr\u00e1 lugar en Beijing la Cumbre de Jefes de Estado del BRICS (Brasil, Rusia, China, India y Sud\u00e1frica), el nucleamiento de las cinco econom\u00edas emergentes m\u00e1s importantes del mundo, a la que Argentina ha sido invitada por Xi Jinping a participar de manera virtual. La invitaci\u00f3n de Xi es sumamente importante sobre todo por el inter\u00e9s de la Argentina de ingresar al foro, una postura que Alberto Fern\u00e1ndez transmiti\u00f3 oficialmente durante su visita a Beijing de principios de febrero. La posibilidad de sumar al pa\u00eds al bloque fue un objetivo que persigui\u00f3 con fuerza el gobierno de Cristina Fern\u00e1ndez de Kirchner.<\/span><\/p>\n<p class=\"p1\"><span class=\"s1\">\u201cLos BRICS son para mi pa\u00eds una excelente alternativa de cooperaci\u00f3n frente un orden mundial que viene funcionando para el beneficio de unos pocos\u201d, se\u00f1al\u00f3 recientemente Alberto Fern\u00e1ndez. \u201cLos BRICS son, sin dudas, un grupo de pa\u00edses determinantes para el desarrollo econ\u00f3mico mundial\u201d, subray\u00f3 y, en ese sentido, evalu\u00f3 que \u201cla estabilidad macroecon\u00f3mica mundial y el crecimiento econ\u00f3mico pasa y pasar\u00e1 cada vez m\u00e1s por este grupo de pa\u00edses\u201d. Si est\u00e1 tan claro como el agua, es de esperar una pol\u00edtica m\u00e1s decidida y menos ambivalente de parte del gobierno nacional.<\/span><\/p>\n<p class=\"p1\"><span class=\"s1\">Tres d\u00edas despu\u00e9s de la cumbre virtual de los BRICS, Alberto Fern\u00e1ndez asistir\u00e1 a la cumbre del G7 que se realizar\u00e1 el 27 de junio en Baviera, Alemania. El mandatario argentino fue invitado por el canciller socialdem\u00f3crata alem\u00e1n Olaf Scholz, quien preside el G7, grupo que re\u00fane a las principales potencias econ\u00f3micas occidentales (Alemania, Francia, Italia, Gran Breta\u00f1a, Canad\u00e1 y Estados Unidos) m\u00e1s Jap\u00f3n.<\/span><\/p>\n<p class=\"p1\"><span class=\"s1\">En dicha cumbre, como es obvio, el tema central ser\u00e1 el conflicto desatado por la OTAN entre Rusia y Ucrania, en el que todos los pa\u00edses del G7 condenan a Rusia, y Argentina les hace vergonzoso coro. No se puede estar bien con Dios y con el Diablo.<\/span><\/p>\n<p class=\"p1\"><span class=\"s1\">En nuestra nota anterior hac\u00edamos referencia a una cita del portavoz de la canciller\u00eda china que deb\u00eda ser muy tenida en cuenta por nuestro gobierno. Aquella cita, con otras palabras, tiene su antecedente en otra del geopol\u00edtico y militar del imperio ruso Alexei Yedrikhin (Vandam), refiri\u00e9ndose a Gran Breta\u00f1a, en tiempos de la Primera Guerra Mundial: \u201cSolo puede haber una cosa peor que la enemistad con el anglosaj\u00f3n: la amistad con \u00e9l\u201d.<span class=\"Apple-converted-space\">\u00a0<\/span><\/span><\/p>\n<p class=\"p1\"><span class=\"s1\">M\u00e1s a\u00fan cuando hoy, estamos tratando con el mayor genocida del siglo XX y lo que va del XXI: el imperialismo yanqui. El mismo que a\u00fan nos sigue mostrando su car\u00e1cter putrefacto y el odio que lleva en su seno, con la reciente seguidilla de matanzas racistas.<\/span><\/p>\n","protected":false},"excerpt":{"rendered":"<p>OEA &#8211; ALBA &#8211; BRICS y G7 Cumbres y lucha de clases Por Rodolfo G. M\u00f3dena Nuevos y auspiciosos vientos soplan en el mundo, pero el imperialismo norteamericano se resiste a aceptar su p\u00e9rdida de hegemon\u00eda y el actual proceso de reconfiguraci\u00f3n del orden mundial basado en la multilateralidad. Es que lo que para la [&hellip;]<\/p>\n","protected":false},"author":1,"featured_media":6478,"comment_status":"closed","ping_status":"closed","sticky":false,"template":"","format":"standard","meta":{"tdm_status":"","tdm_grid_status":"","footnotes":""},"categories":[17,4],"tags":[],"class_list":["post-6475","post","type-post","status-publish","format-standard","has-post-thumbnail","hentry","category-contratapa","category-featured"],"_links":{"self":[{"href":"https:\/\/pcce.com.ar\/pcce\/wp-json\/wp\/v2\/posts\/6475","targetHints":{"allow":["GET"]}}],"collection":[{"href":"https:\/\/pcce.com.ar\/pcce\/wp-json\/wp\/v2\/posts"}],"about":[{"href":"https:\/\/pcce.com.ar\/pcce\/wp-json\/wp\/v2\/types\/post"}],"author":[{"embeddable":true,"href":"https:\/\/pcce.com.ar\/pcce\/wp-json\/wp\/v2\/users\/1"}],"replies":[{"embeddable":true,"href":"https:\/\/pcce.com.ar\/pcce\/wp-json\/wp\/v2\/comments?post=6475"}],"version-history":[{"count":0,"href":"https:\/\/pcce.com.ar\/pcce\/wp-json\/wp\/v2\/posts\/6475\/revisions"}],"wp:featuredmedia":[{"embeddable":true,"href":"https:\/\/pcce.com.ar\/pcce\/wp-json\/wp\/v2\/media\/6478"}],"wp:attachment":[{"href":"https:\/\/pcce.com.ar\/pcce\/wp-json\/wp\/v2\/media?parent=6475"}],"wp:term":[{"taxonomy":"category","embeddable":true,"href":"https:\/\/pcce.com.ar\/pcce\/wp-json\/wp\/v2\/categories?post=6475"},{"taxonomy":"post_tag","embeddable":true,"href":"https:\/\/pcce.com.ar\/pcce\/wp-json\/wp\/v2\/tags?post=6475"}],"curies":[{"name":"wp","href":"https:\/\/api.w.org\/{rel}","templated":true}]}}