{"id":6497,"date":"2022-06-17T15:00:03","date_gmt":"2022-06-17T18:00:03","guid":{"rendered":"https:\/\/pcce.com.ar\/pcce\/?p=6497"},"modified":"2022-06-17T15:00:03","modified_gmt":"2022-06-17T18:00:03","slug":"hay-que-ponerlos-en-caja-enemigos-del-pueblo","status":"publish","type":"post","link":"https:\/\/pcce.com.ar\/pcce\/2022\/06\/17\/hay-que-ponerlos-en-caja-enemigos-del-pueblo\/","title":{"rendered":"HAY QUE PONERLOS EN CAJA:  Enemigos del pueblo"},"content":{"rendered":"<h4 class=\"p1\"><span class=\"s1\">HAY QUE PONERLOS EN CAJA<\/span><\/h4>\n<h1 class=\"p1\"><span class=\"s1\">Enemigos del pueblo<\/span><\/h1>\n<p class=\"p1\"><span class=\"s1\">Se insiste con met\u00f3dica frecuencia en que el conflicto armado en Ucrania (o la ofensiva occidental contra Rusia) gener\u00f3 una crisis alimentaria de car\u00e1cter global. Cuando estall\u00f3 la pandemia del COVID 19 se apel\u00f3 a una macana similar: la crisis sanitaria provoc\u00f3 una crisis econ\u00f3mica planetaria. En ambos casos se trata de una verdad a medias, que soslaya el origen del asunto: el capitalismo monopolista de estado transnacional. Eventos extraordinarios agudizaron la crisis estructural de un sistema que no tiene nada para ofrecer.<span class=\"Apple-converted-space\">\u00a0<\/span><\/span><\/p>\n<p class=\"p1\"><span class=\"s1\">De acuerdo con el Programa Mundial de Alimentos de la ONU, millones de personas est\u00e1n corriendo el riesgo de inanici\u00f3n. Los \u201cdesnutridos\u201d aumentaron en 118 millones de personas en 2020, despu\u00e9s de permanecer pr\u00e1cticamente sin cambios durante varios a\u00f1os. Las estimaciones actuales sit\u00faan ese n\u00famero en unos 100 millones m\u00e1s. Parad\u00f3jicamente, aument\u00f3 dr\u00e1sticamente la productividad de los alimentos, con una cadena de suministros mundializada y altamente dependiente de los monopolios.<span class=\"Apple-converted-space\">\u00a0<\/span><\/span><\/p>\n<p class=\"p1\"><span class=\"s1\">Otro drama en desarrollo, tambi\u00e9n seg\u00fan datos de Naciones Unidas: en la actualidad, 2.100 millones de personas carecen de acceso a servicios de agua potable. 4.500 millones de personas carecen de servicios de saneamiento. Se calcula que para 2025, aproximadamente 1.800 millones de personas vivir\u00e1n en zonas con escasez de agua.<\/span><\/p>\n<p class=\"p1\"><span class=\"s1\">340 mil ni\u00f1os menores de cinco a\u00f1os mueren cada a\u00f1o por enfermedades diarreicas.<\/span><\/p>\n<p class=\"p1\"><span class=\"s1\">La escasez de agua ya afecta a cuatro de cada 10 personas. El 90% de los desastres naturales est\u00e1n relacionados con el agua. El 80% de las aguas residuales retornan al ecosistema sin ser tratadas o reutilizadas. Las guerras del futuro (inmediato) van a ser por el agua. Ahora, \u00bfser\u00e1 una futura guerra la responsable de la crisis h\u00eddrica global en curso?<\/span><\/p>\n<p class=\"p1\"><span class=\"s1\">Cuando el camarada Fidel anticip\u00f3 este escenario hace exactos 30 a\u00f1os, en muchos y muchas causaba hilaridad. Similar a la carcajada que hace algunos d\u00edas solt\u00f3 Federico Braun en el encuentro por los 20 a\u00f1os de la AEA. Como siempre, la compa\u00f1era Cristina dio masividad al cinismo de los due\u00f1os de la Argentina. Ganancias extraordinarias con la inflaci\u00f3n y jactancia entre risas. En pandemia advertimos sobre la acci\u00f3n criminal de estos se\u00f1ores, remarcando precios en un contexto de in\u00e9dita gravedad. Aun as\u00ed, el problema sigue siendo nuestro: del gobierno nacional, del pueblo en general y la clase obrera en particular.<\/span><\/p>\n<p class=\"p1\"><span class=\"s1\">Mientras el ministro de econom\u00eda sigue compartiendo \u00e1gapes con los popes del establishment, estos impulsan una corrida sobre los bonos locales para forzar una devaluaci\u00f3n o una suba de las tasas de inter\u00e9s, que finalmente se produjo. Mientras, se autorizaban tambi\u00e9n aumentos en precios cuidados y carnes. A prop\u00f3sito, en 2021 el consumo de carne vacuna fue el m\u00e1s bajo de los \u00faltimos 100 a\u00f1os. La inflaci\u00f3n de mayo lleg\u00f3 al 5,1% (que algunos ins\u00f3litamente celebraron) y s\u00f3lo en la primera semana de junio hubo un aumento del 3% en alimentos y bebidas.<\/span><\/p>\n<p class=\"p1\"><span class=\"s1\">Los risue\u00f1os de AEA tambi\u00e9n reclamaron por lo que ellos consideran una presi\u00f3n sobre el Poder Judicial. Sucedi\u00f3 luego de las provocaciones de Rosenkrantz sobre \u201cderechos y necesidades\u201d, y en particular respecto al proyecto que ya se debate en el Senado para ampliar a 25 los miembros de la genuflexa Corte Suprema de Justicia. Esta reforma cuenta con el respaldo de 16 mandatarios provinciales del Frente de Todos, quienes acaban de constituirse como Liga de gobernadores. En su declaraci\u00f3n de presentaci\u00f3n reclamaron al gobierno medidas urgentes respecto a precios, que en las provincias van a comenzar a implementar.<\/span><\/p>\n<p class=\"p1\"><span class=\"s1\">La mafia judicial respondi\u00f3 con una oleada de domiciliarias para genocidas, promesas de prisi\u00f3n para CFK, y un fallo anunciado en favor de Larreta en la discusi\u00f3n por los fondos coparticipables. Es decir, los enemigos del pueblo van a seguir avanzando si no hay resistencia por parte de nuestro pueblo. Ni hablemos de lo que piensan hacer si volvieran a ser gobierno el pr\u00f3ximo per\u00edodo. Ellos lo dicen sin eufemismos. Pero venden la piel del oso antes de cazarlo.<\/span><\/p>\n<p class=\"p1\"><span class=\"s1\">Es necesario que las fuerzas sindicales, pol\u00edticas y sociales impulsemos un proceso de movilizaci\u00f3n popular para arrancar las conquistas necesarias. Por su limitado alcance, la renta inesperada huele a caridad. Pero respecto al proyecto de fuga de capitales, de extensi\u00f3n de la moratoria previsional, podemos y tenemos que movilizarnos. Para el control efectivo de los precios, para escrachar a los formadores y fugadores seriales, podemos y tenemos que movilizarnos. Para rechazar los aumentos de tarifas y revisiones de ultramar del FMI, podemos y tenemos que movilizarnos. S\u00f3lo en la lucha vamos a organizar y a construir las miles de flores en el seno del movimiento obrero y la juventud. Los y las comunistas del PCCE orientamos todos nuestros esfuerzos en esa direcci\u00f3n.<\/span><\/p>\n","protected":false},"excerpt":{"rendered":"<p>HAY QUE PONERLOS EN CAJA Enemigos del pueblo Se insiste con met\u00f3dica frecuencia en que el conflicto armado en Ucrania (o la ofensiva occidental contra Rusia) gener\u00f3 una crisis alimentaria de car\u00e1cter global. Cuando estall\u00f3 la pandemia del COVID 19 se apel\u00f3 a una macana similar: la crisis sanitaria provoc\u00f3 una crisis econ\u00f3mica planetaria. En [&hellip;]<\/p>\n","protected":false},"author":1,"featured_media":6507,"comment_status":"closed","ping_status":"closed","sticky":false,"template":"","format":"standard","meta":{"tdm_status":"","tdm_grid_status":"","footnotes":""},"categories":[21,4],"tags":[],"class_list":["post-6497","post","type-post","status-publish","format-standard","has-post-thumbnail","hentry","category-editorial","category-featured"],"_links":{"self":[{"href":"https:\/\/pcce.com.ar\/pcce\/wp-json\/wp\/v2\/posts\/6497","targetHints":{"allow":["GET"]}}],"collection":[{"href":"https:\/\/pcce.com.ar\/pcce\/wp-json\/wp\/v2\/posts"}],"about":[{"href":"https:\/\/pcce.com.ar\/pcce\/wp-json\/wp\/v2\/types\/post"}],"author":[{"embeddable":true,"href":"https:\/\/pcce.com.ar\/pcce\/wp-json\/wp\/v2\/users\/1"}],"replies":[{"embeddable":true,"href":"https:\/\/pcce.com.ar\/pcce\/wp-json\/wp\/v2\/comments?post=6497"}],"version-history":[{"count":0,"href":"https:\/\/pcce.com.ar\/pcce\/wp-json\/wp\/v2\/posts\/6497\/revisions"}],"wp:featuredmedia":[{"embeddable":true,"href":"https:\/\/pcce.com.ar\/pcce\/wp-json\/wp\/v2\/media\/6507"}],"wp:attachment":[{"href":"https:\/\/pcce.com.ar\/pcce\/wp-json\/wp\/v2\/media?parent=6497"}],"wp:term":[{"taxonomy":"category","embeddable":true,"href":"https:\/\/pcce.com.ar\/pcce\/wp-json\/wp\/v2\/categories?post=6497"},{"taxonomy":"post_tag","embeddable":true,"href":"https:\/\/pcce.com.ar\/pcce\/wp-json\/wp\/v2\/tags?post=6497"}],"curies":[{"name":"wp","href":"https:\/\/api.w.org\/{rel}","templated":true}]}}