{"id":6514,"date":"2022-06-17T14:59:23","date_gmt":"2022-06-17T17:59:23","guid":{"rendered":"https:\/\/pcce.com.ar\/pcce\/?p=6514"},"modified":"2022-06-17T14:59:23","modified_gmt":"2022-06-17T17:59:23","slug":"urge-una-reforma-del-poder-judicial-la-balanza-ya-esta-inclinada","status":"publish","type":"post","link":"https:\/\/pcce.com.ar\/pcce\/2022\/06\/17\/urge-una-reforma-del-poder-judicial-la-balanza-ya-esta-inclinada\/","title":{"rendered":"URGE UNA REFORMA DEL PODER JUDICIAL:  La balanza ya est\u00e1 inclinada\u00a0"},"content":{"rendered":"<h4 class=\"p1\"><span class=\"s1\">URGE UNA REFORMA DEL PODER JUDICIAL<\/span><\/h4>\n<h1 class=\"p1\"><span class=\"s1\">La balanza ya <\/span><span class=\"s1\">est\u00e1 inclinada<span class=\"Apple-converted-space\">\u00a0<\/span><\/span><\/h1>\n<p class=\"p1\"><span class=\"s1\">Los movimientos de los miembros de la Corte y del macrismo atrincherado en Comodoro Py tienen la direccionalidad de mantener el estado de cosas, la defensa corporativa de sus los intereses, de los monopolios y de los sectores concentrados de la econom\u00eda. Los cuatro cortesanos concentran un poder que los ha llevado a intervenir y superponerse al Poder Ejecutivo, al bloquear decretos y decisiones presidenciales y al Poder Legislativo, al anular leyes que hab\u00edan sido aprobadas por el Parlamento e instalar otras que hab\u00edan sido eliminadas. No emana, este poder, de la de sus prerrogativas en la divisi\u00f3n de poderes, sino de su pertenencia a la derecha y sus intereses.<\/span><\/p>\n<p class=\"p1\"><span class=\"s1\">En este marco, asistimos a una nueva arremetida contra las pol\u00edticas de Memoria, Verdad y Justicia. Los camaristas Leopoldo Bruglia, Pablo Bertuzzi (nombrados a dedo por Macri) y Mariano Llorens (visitante de Casa Rosada y Quinta de Olivos) buscan reabrir una causa prescripta por un atentado de 1976 que investiga un atentado cometido por la organizaci\u00f3n Montoneros. La causa hab\u00eda sido cerrada por la jueza de primera instancia Mar\u00eda Servini porque los hechos ocurridos en el comedor de la Superintendencia de Seguridad Federal fueron declarados prescriptos (ya que no son considerados delitos de lesa humanidad). Resucitar la teor\u00eda de los dos demonios contin\u00faa siendo uno de los fines de la derecha. Adem\u00e1s, en el \u00faltimo mes comenz\u00f3 una seguidilla de fallos de Casaci\u00f3n que beneficiaron a represores condenados como Jorge \u201cTigre\u201d Acosta, Santiago Omar Riveros y Miguel Etchecolatz con la libertad condicional.<\/span><\/p>\n<p class=\"p1\"><span class=\"s1\">El 3 de mayo de 2017, con Macri en la presidencia, la Corte resolvi\u00f3 otorgarle el beneficio del 2\u00d71 al represor Luis Mui\u00f1a. Esa sentencia es el antecedente de las decisiones que se tomaron en estas semanas. La movilizaci\u00f3n popular r\u00e1pida y contundente fren\u00f3 la avanzada. Hoy vuelven con un 2&#215;1 por goteo.<\/span><\/p>\n<p class=\"p1\"><span class=\"s1\">El reciente discurso de Carlos Rosenkrantz en la Universidad de Chile, en donde dijo que \u201cno puede haber un derecho detr\u00e1s de cada necesidad\u201d y defini\u00f3 al populismo como un problema o peligro para la democracia, se inscribe en el mismo registro. Amparados por este despliegue de vetusto elitismo, los m\u00e1ximos exponentes del poder econ\u00f3mico utilizaron a las tres entidades que los nuclean para quejarse de manera coordinada contra el proyecto de ampliaci\u00f3n de la Corte con los mismos argumentos del macrismo. En el a\u00f1o 2012, los mismos grupos ped\u00edan en Miami detener al populismo a trav\u00e9s de la Justicia y de \u201clos medios\u201d.<span class=\"Apple-converted-space\">\u00a0<\/span><\/span><\/p>\n<p class=\"p1\"><span class=\"s1\">Esta Corte tiene un registro de fallos durante el gobierno de Cambiemos que revela una jurisprudencia regresiva sobre derechos laborales. Fueron fallos sobre indemnizaciones, accidentes laborales, avalaron despidos y limitaron el derecho a huelga. Habr\u00eda que agregar a la lista la gran maniobra del tribunal que, tras tener seis a\u00f1os cajoneado el expediente sobre desapariciones ligadas al Ingenio Ledesma, habilit\u00f3 la impunidad biol\u00f3gica de Carlos Blaquier, mientras que con anterioridad rechaz\u00f3 la responsabilidad de Techint ante el reclamo de la hija de un trabajador desaparecido.<span class=\"Apple-converted-space\">\u00a0<\/span><\/span><\/p>\n<p class=\"p1\"><span class=\"s1\">El asalto de los togados al Consejo de la Magistratura se inscribe en esta l\u00f3gica. Estas arbitrariedades y las que se cometieron contra otros exfuncionarios de los gobiernos kirchneristas configuraron la utilizaci\u00f3n del Poder Judicial con fines de persecuci\u00f3n pol\u00edtica. Y la Corte, no solamente dej\u00f3 hacer, sino que tambi\u00e9n jug\u00f3 fuerte en el lawfare.<\/span><\/p>\n<p class=\"p1\"><span class=\"s1\">Es una pena que dentro del gobierno no se ponga en claro cu\u00e1l es la verdadera contienda y se dispute el sentido de esta, dejando que la bola ruede en un aparente vac\u00edo que desmoviliza y rompe voluntades.<\/span><\/p>\n<p class=\"p1\"><span class=\"s1\">Cristina ya hab\u00eda se\u00f1alado durante su \u00faltimo gobierno la aparici\u00f3n de un partido judicial que funciona como ariete contra los gobiernos populares: \u201cArticula con los poderes econ\u00f3micos concentrados y fundamentalmente con el aparato medi\u00e1tico monop\u00f3lico, intentando desestabilizar al Poder Ejecutivo y desconociendo las decisiones del Legislativo. Un Partido Judicial integrado por grupos de jueces y fiscales vinculados y promocionados por los grandes medios y grupos econ\u00f3micos. Muchos de ellos tambi\u00e9n defensores de las leyes de la impunidad para los cr\u00edmenes del Terrorismo de Estado durante la \u00faltima dictadura, otros exfuncionarios pol\u00edticos de la d\u00e9cada del noventa y casi todos de aceitada articulaci\u00f3n con las conducciones subterr\u00e1neas desplazadas de los organismos de inteligencia\u201d.<\/span><\/p>\n","protected":false},"excerpt":{"rendered":"<p>URGE UNA REFORMA DEL PODER JUDICIAL La balanza ya est\u00e1 inclinada\u00a0 Los movimientos de los miembros de la Corte y del macrismo atrincherado en Comodoro Py tienen la direccionalidad de mantener el estado de cosas, la defensa corporativa de sus los intereses, de los monopolios y de los sectores concentrados de la econom\u00eda. Los cuatro [&hellip;]<\/p>\n","protected":false},"author":1,"featured_media":6516,"comment_status":"closed","ping_status":"closed","sticky":false,"template":"","format":"standard","meta":{"tdm_status":"","tdm_grid_status":"","footnotes":""},"categories":[17,4],"tags":[],"class_list":["post-6514","post","type-post","status-publish","format-standard","has-post-thumbnail","hentry","category-contratapa","category-featured"],"_links":{"self":[{"href":"https:\/\/pcce.com.ar\/pcce\/wp-json\/wp\/v2\/posts\/6514","targetHints":{"allow":["GET"]}}],"collection":[{"href":"https:\/\/pcce.com.ar\/pcce\/wp-json\/wp\/v2\/posts"}],"about":[{"href":"https:\/\/pcce.com.ar\/pcce\/wp-json\/wp\/v2\/types\/post"}],"author":[{"embeddable":true,"href":"https:\/\/pcce.com.ar\/pcce\/wp-json\/wp\/v2\/users\/1"}],"replies":[{"embeddable":true,"href":"https:\/\/pcce.com.ar\/pcce\/wp-json\/wp\/v2\/comments?post=6514"}],"version-history":[{"count":0,"href":"https:\/\/pcce.com.ar\/pcce\/wp-json\/wp\/v2\/posts\/6514\/revisions"}],"wp:featuredmedia":[{"embeddable":true,"href":"https:\/\/pcce.com.ar\/pcce\/wp-json\/wp\/v2\/media\/6516"}],"wp:attachment":[{"href":"https:\/\/pcce.com.ar\/pcce\/wp-json\/wp\/v2\/media?parent=6514"}],"wp:term":[{"taxonomy":"category","embeddable":true,"href":"https:\/\/pcce.com.ar\/pcce\/wp-json\/wp\/v2\/categories?post=6514"},{"taxonomy":"post_tag","embeddable":true,"href":"https:\/\/pcce.com.ar\/pcce\/wp-json\/wp\/v2\/tags?post=6514"}],"curies":[{"name":"wp","href":"https:\/\/api.w.org\/{rel}","templated":true}]}}