{"id":6539,"date":"2022-07-01T15:02:00","date_gmt":"2022-07-01T18:02:00","guid":{"rendered":"https:\/\/pcce.com.ar\/pcce\/?p=6539"},"modified":"2022-07-01T15:02:00","modified_gmt":"2022-07-01T18:02:00","slug":"avellaneda-junto-a-cristina-y-lxs%e2%80%a8trabajadorxs-en-la-cta","status":"publish","type":"post","link":"https:\/\/pcce.com.ar\/pcce\/2022\/07\/01\/avellaneda-junto-a-cristina-y-lxs%e2%80%a8trabajadorxs-en-la-cta\/","title":{"rendered":"AVELLANEDA: Junto a Cristina y lxs\u2028trabajadorxs en la CTA"},"content":{"rendered":"<h4 class=\"p1\"><span class=\"s1\">AVELLANEDA<span class=\"Apple-converted-space\">\u00a0<\/span><\/span><\/h4>\n<h1 class=\"p1\"><span class=\"s1\">Junto a Cristina y lxs trabajadorxs en la CTA<\/span><\/h1>\n<p class=\"p1\"><span class=\"s1\">El lunes 20 de junio, el Partido se dio cita para escuchar a Cristina Fern\u00e1ndez de Kirchner en el cierre del plenario de la CTA de los Trabajadores en Avellaneda. Desde los diferentes municipios de Zona Sur, lanzamos una convocatoria los d\u00edas previos, para acompa\u00f1ar el acto que tuvo como oradora principal a la ex Presidenta de la Naci\u00f3n y actual Vice. La presencia del Partido fue dentro del recinto, donde junto a otrxs compa\u00f1erxs de las diferentes organizaciones escuchamos y acompa\u00f1amos el discurso magistral, como as\u00ed tambi\u00e9n con una presencia en la puerta, donde con flameas, banderas y prensas militamos el proyecto pol\u00edtico encabezado por la compa\u00f1era Cristina. Lxs comunistas del PCCE sabemos d\u00f3nde debemos estar.<\/span><\/p>\n","protected":false},"excerpt":{"rendered":"<p>AVELLANEDA\u00a0 Junto a Cristina y lxs trabajadorxs en la CTA El lunes 20 de junio, el Partido se dio cita para escuchar a Cristina Fern\u00e1ndez de Kirchner en el cierre del plenario de la CTA de los Trabajadores en Avellaneda. Desde los diferentes municipios de Zona Sur, lanzamos una convocatoria los d\u00edas previos, para acompa\u00f1ar [&hellip;]<\/p>\n","protected":false},"author":1,"featured_media":6550,"comment_status":"closed","ping_status":"closed","sticky":false,"template":"","format":"standard","meta":{"tdm_status":"","tdm_grid_status":"","footnotes":""},"categories":[4,9],"tags":[],"class_list":["post-6539","post","type-post","status-publish","format-standard","has-post-thumbnail","hentry","category-featured","category-vidadepartido"],"_links":{"self":[{"href":"https:\/\/pcce.com.ar\/pcce\/wp-json\/wp\/v2\/posts\/6539","targetHints":{"allow":["GET"]}}],"collection":[{"href":"https:\/\/pcce.com.ar\/pcce\/wp-json\/wp\/v2\/posts"}],"about":[{"href":"https:\/\/pcce.com.ar\/pcce\/wp-json\/wp\/v2\/types\/post"}],"author":[{"embeddable":true,"href":"https:\/\/pcce.com.ar\/pcce\/wp-json\/wp\/v2\/users\/1"}],"replies":[{"embeddable":true,"href":"https:\/\/pcce.com.ar\/pcce\/wp-json\/wp\/v2\/comments?post=6539"}],"version-history":[{"count":0,"href":"https:\/\/pcce.com.ar\/pcce\/wp-json\/wp\/v2\/posts\/6539\/revisions"}],"wp:featuredmedia":[{"embeddable":true,"href":"https:\/\/pcce.com.ar\/pcce\/wp-json\/wp\/v2\/media\/6550"}],"wp:attachment":[{"href":"https:\/\/pcce.com.ar\/pcce\/wp-json\/wp\/v2\/media?parent=6539"}],"wp:term":[{"taxonomy":"category","embeddable":true,"href":"https:\/\/pcce.com.ar\/pcce\/wp-json\/wp\/v2\/categories?post=6539"},{"taxonomy":"post_tag","embeddable":true,"href":"https:\/\/pcce.com.ar\/pcce\/wp-json\/wp\/v2\/tags?post=6539"}],"curies":[{"name":"wp","href":"https:\/\/api.w.org\/{rel}","templated":true}]}}