{"id":6578,"date":"2022-07-16T12:22:24","date_gmt":"2022-07-16T15:22:24","guid":{"rendered":"https:\/\/pcce.com.ar\/pcce\/?p=6578"},"modified":"2022-07-16T12:22:24","modified_gmt":"2022-07-16T15:22:24","slug":"general-villegas-no-al-desalojo-en-la-escondida","status":"publish","type":"post","link":"https:\/\/pcce.com.ar\/pcce\/2022\/07\/16\/general-villegas-no-al-desalojo-en-la-escondida\/","title":{"rendered":"GENERAL VILLEGAS: No al desalojo en La escondida"},"content":{"rendered":"<h4 class=\"p1\"><span class=\"s1\">GENERAL VILLEGAS<\/span><\/h4>\n<h1 class=\"p1\"><span class=\"s1\">No al desalojo en La Escondida<\/span><\/h1>\n<p class=\"p1\"><span class=\"s1\">En General Villegas hay un desalojo masivo en curso equivalente a lo que ser\u00edan 30.000 personas en la Ciudad de Buenos Aires. Unas 200 personas ocuparon una quinta rural llamada \u201cLa escondida\u201d, en su mayor\u00eda laburantes, m\u00e1s de 50 ni\u00f1xs y muchas madres solteras que no pueden destinar el 60% o m\u00e1s de su sueldo a pagar alquileres promedio de 30.000 pesos. Cuando la polic\u00eda comenz\u00f3 con las notificaciones el a\u00f1o pasado, lxs camaradas de la ciudad deciden contactar a los vecinos afectados. En un <em>puerta a puerta<\/em> realizado por la camarada Carla Almeira principalmente, se consigue la organizaci\u00f3n del barrio, y as\u00ed se logr\u00f3 acordar dos cuestiones. Una propuesta de soluci\u00f3n pol\u00edtica, con una nota presentando un proyecto de expropiaci\u00f3n al ejecutivo municipal y a todos los bloques, citando antecedentes de expropiaci\u00f3n de municipios vecinos. Vale aclarar que los due\u00f1os de la quinta est\u00e1n de acuerdo con dicho proyecto. Y por otra parte la batalla judicial, proceso que se est\u00e1 impulsando desde este a\u00f1o, en parte debido a la falta de soluci\u00f3n del intendente de Juntos por el Cambio, Eduardo Campana. Gracias a la coordinaci\u00f3n del a\u00f1o pasado, se logr\u00f3 responder formalmente la demanda en tiempo y forma a trav\u00e9s del camarada Alejandro Balbi, quien patrocina a las familias. Se solicit\u00f3 una cautelar, y la suspensi\u00f3n del proceso por al menos 5 razones distintas, adem\u00e1s de solicitar la intervenci\u00f3n del Municipio, la Provincia y la Naci\u00f3n.<\/span><\/p>\n","protected":false},"excerpt":{"rendered":"<p>GENERAL VILLEGAS No al desalojo en La Escondida En General Villegas hay un desalojo masivo en curso equivalente a lo que ser\u00edan 30.000 personas en la Ciudad de Buenos Aires. Unas 200 personas ocuparon una quinta rural llamada \u201cLa escondida\u201d, en su mayor\u00eda laburantes, m\u00e1s de 50 ni\u00f1xs y muchas madres solteras que no pueden [&hellip;]<\/p>\n","protected":false},"author":1,"featured_media":6590,"comment_status":"closed","ping_status":"closed","sticky":false,"template":"","format":"standard","meta":{"tdm_status":"","tdm_grid_status":"","footnotes":""},"categories":[4,9],"tags":[],"class_list":["post-6578","post","type-post","status-publish","format-standard","has-post-thumbnail","hentry","category-featured","category-vidadepartido"],"_links":{"self":[{"href":"https:\/\/pcce.com.ar\/pcce\/wp-json\/wp\/v2\/posts\/6578","targetHints":{"allow":["GET"]}}],"collection":[{"href":"https:\/\/pcce.com.ar\/pcce\/wp-json\/wp\/v2\/posts"}],"about":[{"href":"https:\/\/pcce.com.ar\/pcce\/wp-json\/wp\/v2\/types\/post"}],"author":[{"embeddable":true,"href":"https:\/\/pcce.com.ar\/pcce\/wp-json\/wp\/v2\/users\/1"}],"replies":[{"embeddable":true,"href":"https:\/\/pcce.com.ar\/pcce\/wp-json\/wp\/v2\/comments?post=6578"}],"version-history":[{"count":0,"href":"https:\/\/pcce.com.ar\/pcce\/wp-json\/wp\/v2\/posts\/6578\/revisions"}],"wp:featuredmedia":[{"embeddable":true,"href":"https:\/\/pcce.com.ar\/pcce\/wp-json\/wp\/v2\/media\/6590"}],"wp:attachment":[{"href":"https:\/\/pcce.com.ar\/pcce\/wp-json\/wp\/v2\/media?parent=6578"}],"wp:term":[{"taxonomy":"category","embeddable":true,"href":"https:\/\/pcce.com.ar\/pcce\/wp-json\/wp\/v2\/categories?post=6578"},{"taxonomy":"post_tag","embeddable":true,"href":"https:\/\/pcce.com.ar\/pcce\/wp-json\/wp\/v2\/tags?post=6578"}],"curies":[{"name":"wp","href":"https:\/\/api.w.org\/{rel}","templated":true}]}}