{"id":66,"date":"2016-02-09T14:26:29","date_gmt":"2016-02-09T17:26:29","guid":{"rendered":"http:\/\/td_uid_18_56ba2145eba01"},"modified":"2016-03-07T23:09:45","modified_gmt":"2016-03-08T02:09:45","slug":"td_d_slug_17","status":"publish","type":"post","link":"https:\/\/pcce.com.ar\/pcce\/2016\/02\/09\/td_d_slug_17\/","title":{"rendered":"DESPIDOS MASIVOS EN EL ESTADO Y SECTOR PRIVADO: Excluir, disciplinar, reprimir"},"content":{"rendered":"<div class=\"td-paragraph-padding-1\">\n<p>DESPIDOS MASIVOS EN EL ESTADO Y SECTOR PRIVADO<\/p>\n<blockquote>\n<h1>Excluir, disciplinar, reprimir<\/h1>\n<\/blockquote>\n<p>El proyecto neoliberal de rostro macrista despidi\u00f3 en un mes a m\u00e1s de 20 mil trabajadores del sector p\u00fablico. Dr\u00e1sticamente, se pretende revertir el modelo pol\u00edtico y econ\u00f3mico de trabajo e inclusi\u00f3n.<\/p>\n<p>Despu\u00e9s de la enorme transferencia de recursos a los grupos concentrados de la econom\u00eda, los 20 mil trabajadores despedidos del sector p\u00fablico se \u201cexplican\u201d por la urgencia del poder econ\u00f3mico y pol\u00edtico -de rostro macrista- de dar vuelta el proyecto que en los \u00faltimos doce a\u00f1os rompi\u00f3 las amarras que lo somet\u00edan a las decisiones de los organismos financieros internacionales. Achicar el Estado, \u201csacar la grasa\u201d, no es s\u00f3lo reducir la cantidad de asalariados y dejar a sus familias sin el ingreso b\u00e1sico, sino el de hacer desaparecer las pol\u00edticas p\u00fablicas que incluyeron a millones de compatriotas. Achicar es, tambi\u00e9n, generar las condiciones para las 10 mil cesant\u00edas y despidos en el sector privado que se produjeron desde el mes de diciembre. Esta vertiginosa situaci\u00f3n da una advertencia al conjunto de los trabajadores con el objetivo de debilitar los derechos e intentar disciplinar con la extorsi\u00f3n de tener que elegir entre discutir el salario y las condiciones de trabajo o conservar el laburo. As\u00ed, si no nos gusta, habr\u00e1 desocupados esperando ocupar nuestro lugar.<\/p>\n<p>EL EMPLEO EN LA D\u00c9CADA GANADA. El empleo p\u00fablico creci\u00f3 en estos 12 a\u00f1os un 58 por ciento; el sector privado un 86 por ciento (aportado en gran medida por las Pymes), consecuencia \u00e9sta de las pol\u00edticas de Estado concebidas por N\u00e9stor y Cristina que protegieron, por ejemplo, la industria textil, del calzado y la construcci\u00f3n, entre otras actividades. De los casi 6 millones de puestos de trabajo que se crearon, s\u00f3lo el 19 por ciento se explica por el empleo p\u00fablico. El 72 por ciento de los trabajadores estatales se distribuyen en educaci\u00f3n, salud y seguridad; el 28 restante entre administrativos, t\u00e9cnicos y profesionales. Si hay nuevas universidades y escuelas; si hay una casi completa cobertura previsional; si ahora obtener el DNI es mucho m\u00e1s f\u00e1cil; si recuperamos nuestra aerol\u00ednea de bandera y los ferrocarriles; si somos capaces de construir sat\u00e9lites; si se crearon oficinas para combatir el trabajo no registrado y programas de salud y de protecci\u00f3n a la mujer, por enumerar s\u00f3lo algunas decisiones pol\u00edticas, es l\u00f3gico que haya crecido la cantidad de trabajadores en el \u00e1mbito estatal. Es l\u00f3gico que haya crecido el plantel docente en los distintos niveles educativos; el de los investigadores del Conicet; el de los trabajadores que atienden a los jubilados y a los titulares de la AUH, etc.<\/p>\n<p>EL MAPA DE LOS DESPIDOS. En La Plata (4000); Quilmes (900); Lan\u00fas (1200); Escobar, Brandsen y otras cuentan m\u00e1s de 7000. Sucedi\u00f3 otro tanto en Catamarca, Mendoza, C\u00f3rdoba, Neuqu\u00e9n; en Chubut los trabajadores se movilizaron ante el cierre de pozos petroleros. En el Senado, 2000 despedidos; en el Centro Cultural N\u00e9stor Kirchner (730); en el Ministerio de Agricultura (200), a los que se suman los trabajadores de otras dependencias ministeriales, los del AFSCA, ARSAT y el Ministerio de Seguridad, entre otros. En actividades como cer\u00e1mica y alimentaci\u00f3n, se produjeron cesant\u00edas y despidos. A fines de la semana pasada, 300 empleados quedaron en situaci\u00f3n de incertidumbre como consecuencia de la quiebra (promovida por el gobierno) de la empresa de aerotransporte SOL. En cada uno de los \u00e1mbitos o empresas los trabajadores nucleados en sus organizaciones sindicales o no, se plantan en la defensa del trabajo. Cada uno de los despidos afecta al conjunto de los asalariados y al conjunto de la econom\u00eda. La excusa ser militante, se desenmascara r\u00e1pido. En el modelo neoliberal, sobramos los trabajadores.<\/p>\n<\/div>\n","protected":false},"excerpt":{"rendered":"<p>DESPIDOS MASIVOS EN EL ESTADO Y SECTOR PRIVADO Excluir, disciplinar, reprimir El proyecto neoliberal de rostro macrista despidi\u00f3 en un mes a m\u00e1s de 20 mil trabajadores del sector p\u00fablico. Dr\u00e1sticamente, se pretende revertir el modelo pol\u00edtico y econ\u00f3mico de trabajo e inclusi\u00f3n. Despu\u00e9s de la enorme transferencia de recursos a los grupos concentrados de [&hellip;]<\/p>\n","protected":false},"author":1,"featured_media":123,"comment_status":"open","ping_status":"closed","sticky":false,"template":"","format":"standard","meta":{"tdm_status":"","tdm_grid_status":"","footnotes":""},"categories":[4,11],"tags":[],"class_list":["post-66","post","type-post","status-publish","format-standard","has-post-thumbnail","hentry","category-featured","category-nuestrasraices"],"_links":{"self":[{"href":"https:\/\/pcce.com.ar\/pcce\/wp-json\/wp\/v2\/posts\/66","targetHints":{"allow":["GET"]}}],"collection":[{"href":"https:\/\/pcce.com.ar\/pcce\/wp-json\/wp\/v2\/posts"}],"about":[{"href":"https:\/\/pcce.com.ar\/pcce\/wp-json\/wp\/v2\/types\/post"}],"author":[{"embeddable":true,"href":"https:\/\/pcce.com.ar\/pcce\/wp-json\/wp\/v2\/users\/1"}],"replies":[{"embeddable":true,"href":"https:\/\/pcce.com.ar\/pcce\/wp-json\/wp\/v2\/comments?post=66"}],"version-history":[{"count":0,"href":"https:\/\/pcce.com.ar\/pcce\/wp-json\/wp\/v2\/posts\/66\/revisions"}],"wp:featuredmedia":[{"embeddable":true,"href":"https:\/\/pcce.com.ar\/pcce\/wp-json\/wp\/v2\/media\/123"}],"wp:attachment":[{"href":"https:\/\/pcce.com.ar\/pcce\/wp-json\/wp\/v2\/media?parent=66"}],"wp:term":[{"taxonomy":"category","embeddable":true,"href":"https:\/\/pcce.com.ar\/pcce\/wp-json\/wp\/v2\/categories?post=66"},{"taxonomy":"post_tag","embeddable":true,"href":"https:\/\/pcce.com.ar\/pcce\/wp-json\/wp\/v2\/tags?post=66"}],"curies":[{"name":"wp","href":"https:\/\/api.w.org\/{rel}","templated":true}]}}