{"id":660,"date":"2016-04-01T17:23:17","date_gmt":"2016-04-01T20:23:17","guid":{"rendered":"https:\/\/pcce.com.ar\/pcce\/?p=660"},"modified":"2016-04-01T17:23:17","modified_gmt":"2016-04-01T20:23:17","slug":"paco-rabal-actorazo-y-comunista","status":"publish","type":"post","link":"https:\/\/pcce.com.ar\/pcce\/2016\/04\/01\/paco-rabal-actorazo-y-comunista\/","title":{"rendered":"PACO RABAL: Actorazo y comunista"},"content":{"rendered":"<div class=\"story\">\n<p class=\"basic-paragraph\">FRANCISCO \u201cPACO\u201d RABAL<\/p>\n<\/div>\n<div class=\"story\">\n<h1 class=\"tit-pastillas\">Actorazo\u00a0y comunista<\/h1>\n<\/div>\n<div class=\"image\"><img decoding=\"async\" src=\"file:\/\/\/D:\/Users\/Estani\/Dropbox\/WEB%20PCCE\/NP_253\/NP253_DEF2-web-images\/rabal_opt.jpeg\" alt=\"rabal.tif\" \/><\/div>\n<div class=\"story\">\n<p class=\"capitular-texto-gral\">El 8 de marzo de 1926 en el peque\u00f1o pueblo de la Cuesta del Gos, Regi\u00f3n de Murcia, en el seno de una familia minera, naci\u00f3 el extraordinario actor espa\u00f1ol Francisco \u201cPaco\u201d Rabal.<\/p>\n<p class=\"texto-general\">De ni\u00f1o fue con su familia a vivir a Madrid, donde alternaba sus estudios nocturnos con diversos oficios diurnos para ayudar a la econom\u00eda familiar, as\u00ed como cultivaba su afici\u00f3n a la poes\u00eda.<\/p>\n<p class=\"texto-general\">A inicios de los a\u00f1os 40 ingres\u00f3 a trabajar como t\u00e9cnico electricista en los Estudios Cinematogr\u00e1ficos de Chamart\u00edn, estudi\u00f3 actuaci\u00f3n, empez\u00f3 a trabajar como extra en varias pel\u00edculas, y as\u00ed comenzar\u00eda su impresionante carrera actoral, teatral, cinematogr\u00e1fica y televisiva.<\/p>\n<p class=\"texto-general\">En su medio siglo de carrera lleg\u00f3 a protagonizar innumerables pel\u00edculas y obras de teatro, trabajando bajo la direcci\u00f3n de algunos grandes del s\u00e9ptimo arte como Luis Bu\u00f1uel, Luchino Visconti, Jos\u00e9 Almod\u00f3var, Michelangelo Antonioni. Juan Antonio Bardem, Leopoldo Torre Nilson, Carlos Saura, Lucas Demare, Alain Tanner, entre otros; obteniendo una riestra de premios nacionales e internacionales como pocos de su \u201craza\u201d.<\/p>\n<p class=\"texto-general\">En los a\u00f1os 50, en casa del renombrado cineasta Juan Antonio Bardem, se incorpor\u00f3 al entonces clandestino Partido Comunista de Espa\u00f1a, militando la solidaridad con las luchas del movimiento obrero y con los presos pol\u00edticos del franquismo. Si hasta se cuenta que una chaqueta suya era vestida en prisi\u00f3n por el legendario l\u00edder sindical Marcelino Camacho, de Comisiones Obreras (CCOO).<\/p>\n<p class=\"texto-general\">Su mujer de toda la vida, la actriz Asunci\u00f3n Balaguer supo contar en una entrevista que: \u201c\u00c9l no me lo dijo, pero cuando vino de una reuni\u00f3n, como Paco era transparente, s\u00ed me anunci\u00f3: \u2018He dado un paso muy importante que no te puedo decir\u2019\u201d.<\/p>\n<p class=\"texto-general\">En 1991, cuando se derrumbaba la Uni\u00f3n Sovi\u00e9tica, el murciano se mantendr\u00eda firme: \u201cSoy comunista y lo digo sin verg\u00fcenza aunque por lo visto ahora nos quieren pegar por ello\u2026 y es una mentira que el comunismo est\u00e9 muerto\u201d, dec\u00eda en un reportaje al diario El Pa\u00eds de Madrid el 11 de setiembre de ese a\u00f1o.<\/p>\n<p class=\"texto-general\">En otra nota de esos tiempos dijo, parafraseando al gran escritor portugu\u00e9s Jos\u00e9 Saramago: \u201cSi antes se dec\u00eda \u2018Muerto el rey \u00a1Viva el rey!\u2019, hoy podr\u00edamos decir \u2018Muerto el comunismo \u00a1Viva el comunismo!\u2019\u201d.<\/p>\n<p class=\"texto-general\">Ahora habr\u00eda cumplido 90 a\u00f1os, pero falleci\u00f3 a los 75, el 29 de agosto de 2001, de lo que van a cumplirse 15 a\u00f1os.<\/p>\n<p class=\"texto-general\">Muerto Paco \u00a1Viva Paco!<\/p>\n<p class=\"texto-general\">R.G.M.<\/p>\n<\/div>\n","protected":false},"excerpt":{"rendered":"<p>FRANCISCO \u201cPACO\u201d RABAL Actorazo\u00a0y comunista El 8 de marzo de 1926 en el peque\u00f1o pueblo de la Cuesta del Gos, Regi\u00f3n de Murcia, en el seno de una familia minera, naci\u00f3 el extraordinario actor espa\u00f1ol Francisco \u201cPaco\u201d Rabal. De ni\u00f1o fue con su familia a vivir a Madrid, donde alternaba sus estudios nocturnos con diversos [&hellip;]<\/p>\n","protected":false},"author":1,"featured_media":644,"comment_status":"closed","ping_status":"closed","sticky":false,"template":"","format":"standard","meta":{"tdm_status":"","tdm_grid_status":"","footnotes":""},"categories":[17],"tags":[],"class_list":["post-660","post","type-post","status-publish","format-standard","has-post-thumbnail","hentry","category-contratapa"],"_links":{"self":[{"href":"https:\/\/pcce.com.ar\/pcce\/wp-json\/wp\/v2\/posts\/660","targetHints":{"allow":["GET"]}}],"collection":[{"href":"https:\/\/pcce.com.ar\/pcce\/wp-json\/wp\/v2\/posts"}],"about":[{"href":"https:\/\/pcce.com.ar\/pcce\/wp-json\/wp\/v2\/types\/post"}],"author":[{"embeddable":true,"href":"https:\/\/pcce.com.ar\/pcce\/wp-json\/wp\/v2\/users\/1"}],"replies":[{"embeddable":true,"href":"https:\/\/pcce.com.ar\/pcce\/wp-json\/wp\/v2\/comments?post=660"}],"version-history":[{"count":0,"href":"https:\/\/pcce.com.ar\/pcce\/wp-json\/wp\/v2\/posts\/660\/revisions"}],"wp:featuredmedia":[{"embeddable":true,"href":"https:\/\/pcce.com.ar\/pcce\/wp-json\/wp\/v2\/media\/644"}],"wp:attachment":[{"href":"https:\/\/pcce.com.ar\/pcce\/wp-json\/wp\/v2\/media?parent=660"}],"wp:term":[{"taxonomy":"category","embeddable":true,"href":"https:\/\/pcce.com.ar\/pcce\/wp-json\/wp\/v2\/categories?post=660"},{"taxonomy":"post_tag","embeddable":true,"href":"https:\/\/pcce.com.ar\/pcce\/wp-json\/wp\/v2\/tags?post=660"}],"curies":[{"name":"wp","href":"https:\/\/api.w.org\/{rel}","templated":true}]}}