{"id":6621,"date":"2022-07-29T16:35:45","date_gmt":"2022-07-29T19:35:45","guid":{"rendered":"https:\/\/pcce.com.ar\/pcce\/?p=6621"},"modified":"2022-07-29T16:35:45","modified_gmt":"2022-07-29T19:35:45","slug":"movimiento-obrero-la-uom-logro-un-65-en-paritarias","status":"publish","type":"post","link":"https:\/\/pcce.com.ar\/pcce\/2022\/07\/29\/movimiento-obrero-la-uom-logro-un-65-en-paritarias\/","title":{"rendered":"MOVIMIENTO OBRERO: La UOM logr\u00f3 un 65% en paritarias"},"content":{"rendered":"<h4 class=\"p1\"><span class=\"s1\">MOVIMIENTO OBRERO<\/span><\/h4>\n<h1 class=\"p1\"><span class=\"s1\">La UOM <\/span><span class=\"s1\">logr\u00f3 un <\/span><span class=\"s1\">65% en <\/span><span class=\"s1\">paritarias<\/span><\/h1>\n<p class=\"p1\"><span class=\"s1\">En un marco de mayor presi\u00f3n por mejorar la puja distributiva en favor de lxs trabajadorxs, la Uni\u00f3n Obrera Metal\u00fargica logr\u00f3 cerrar la revisi\u00f3n de la paritaria anual y elevar el aumento salarial acumulado al 65%. De esta manera, el sindicato que conduce Abel Furl\u00e1n acord\u00f3 con el empresariado el adelantamiento del tramo del 12% de octubre a agosto y la incorporaci\u00f3n de un 20% en dos cuotas. Vale marcar que las c\u00e1maras patronales como Adimra, AFAC o Afarte, entre otras, pretend\u00edan apenas sostener el aumento del 60% a marzo de 2023.<span class=\"Apple-converted-space\">\u00a0<\/span><\/span><\/p>\n<p class=\"p1\"><span class=\"s1\">El acuerdo firmado este 26 de julio no se alcanz\u00f3 sin lucha previa. En los \u00faltimos meses distintas regionales ven\u00edan reclamando por el mejoramiento de los ingresos por medio de la reapertura paritaria que hab\u00eda dejado cerrada en 45% Antonio Cal\u00f3 d\u00edas antes de dejar la Secretar\u00eda General del gremio. El primer punto de conflicto grande fue en Tierra del Fuego, donde sostuvieron una huelga metal\u00fargica por m\u00e1s de diez d\u00edas en mayo. Tras la orden emitida a las 54 seccionales del sindicato, otras regionales como C\u00f3rdoba, Rosario o Bs. As. se plegaron al estado de alerta y movilizaci\u00f3n donde debatieron en asambleas el quite de colaboraci\u00f3n y trabajo a reglamento en todos los establecimientos fabriles de la Argentina.<\/span><\/p>\n<p class=\"p1\"><span class=\"s1\">En el marco de la movilizaci\u00f3n al Ministerio de Trabajo de la Naci\u00f3n y la posterior audiencia en la que finalmente se arrib\u00f3 al acuerdo, Furl\u00e1n aprovech\u00f3 para denunciar el \u201cproceso de desestabilizaci\u00f3n en el pa\u00eds\u201d, y le exigi\u00f3 a Alberto Fern\u00e1ndez que se involucre m\u00e1s en las discusiones por los ingresos en tanto que \u201clos trabajadores estamos esperando ser acompa\u00f1ados por el gobierno para resolver la puja distributiva\u201d.<\/span><\/p>\n","protected":false},"excerpt":{"rendered":"<p>MOVIMIENTO OBRERO La UOM logr\u00f3 un 65% en paritarias En un marco de mayor presi\u00f3n por mejorar la puja distributiva en favor de lxs trabajadorxs, la Uni\u00f3n Obrera Metal\u00fargica logr\u00f3 cerrar la revisi\u00f3n de la paritaria anual y elevar el aumento salarial acumulado al 65%. De esta manera, el sindicato que conduce Abel Furl\u00e1n acord\u00f3 [&hellip;]<\/p>\n","protected":false},"author":1,"featured_media":6248,"comment_status":"closed","ping_status":"closed","sticky":false,"template":"","format":"standard","meta":{"tdm_status":"","tdm_grid_status":"","footnotes":""},"categories":[4,38],"tags":[],"class_list":["post-6621","post","type-post","status-publish","format-standard","has-post-thumbnail","hentry","category-featured","category-sindical"],"_links":{"self":[{"href":"https:\/\/pcce.com.ar\/pcce\/wp-json\/wp\/v2\/posts\/6621","targetHints":{"allow":["GET"]}}],"collection":[{"href":"https:\/\/pcce.com.ar\/pcce\/wp-json\/wp\/v2\/posts"}],"about":[{"href":"https:\/\/pcce.com.ar\/pcce\/wp-json\/wp\/v2\/types\/post"}],"author":[{"embeddable":true,"href":"https:\/\/pcce.com.ar\/pcce\/wp-json\/wp\/v2\/users\/1"}],"replies":[{"embeddable":true,"href":"https:\/\/pcce.com.ar\/pcce\/wp-json\/wp\/v2\/comments?post=6621"}],"version-history":[{"count":0,"href":"https:\/\/pcce.com.ar\/pcce\/wp-json\/wp\/v2\/posts\/6621\/revisions"}],"wp:featuredmedia":[{"embeddable":true,"href":"https:\/\/pcce.com.ar\/pcce\/wp-json\/wp\/v2\/media\/6248"}],"wp:attachment":[{"href":"https:\/\/pcce.com.ar\/pcce\/wp-json\/wp\/v2\/media?parent=6621"}],"wp:term":[{"taxonomy":"category","embeddable":true,"href":"https:\/\/pcce.com.ar\/pcce\/wp-json\/wp\/v2\/categories?post=6621"},{"taxonomy":"post_tag","embeddable":true,"href":"https:\/\/pcce.com.ar\/pcce\/wp-json\/wp\/v2\/tags?post=6621"}],"curies":[{"name":"wp","href":"https:\/\/api.w.org\/{rel}","templated":true}]}}