{"id":663,"date":"2016-04-01T17:26:12","date_gmt":"2016-04-01T20:26:12","guid":{"rendered":"https:\/\/pcce.com.ar\/pcce\/?p=663"},"modified":"2016-04-01T17:26:12","modified_gmt":"2016-04-01T20:26:12","slug":"alfredo-zitarrosa-la-voz-del-uruguay","status":"publish","type":"post","link":"https:\/\/pcce.com.ar\/pcce\/2016\/04\/01\/alfredo-zitarrosa-la-voz-del-uruguay\/","title":{"rendered":"ALFREDO ZITARROSA: La voz del Uruguay"},"content":{"rendered":"<div class=\"story\">\n<p class=\"basic-paragraph\"><span class=\"mayuscula\">80 A\u00d1OS DEL NATALICIO DE ALFREDO ZITARROSA<\/span><\/p>\n<\/div>\n<div class=\"story\">\n<h1 class=\"titulo-2\">La voz del Uruguay<\/h1>\n<\/div>\n<div class=\"story\">\n<p class=\"copete-general\">Por Rodolfo G. M\u00f3dena<\/p>\n<\/div>\n<div class=\"story\">\n<p class=\"capitular-texto-gral\">A veces lo imagino caminando y silbando por los andenes de cualquier vieja estaci\u00f3n ferroviaria, de cualquier pueblo chico y antiguo del interior profundo del Uruguay o la Argentina. Y tambi\u00e9n \u2013\u00bfy por qu\u00e9 no?-, llevando su canci\u00f3n comprometida y sus nostalgias de \u201cStefanie\u201d, \u201cEl viol\u00edn de Becho\u201d, \u201cAdagio a mi pa\u00eds\u201d, \u201cP\u2019al que se va\u201d, \u201cDo\u00f1a Soledad\u201d, \u201cRecord\u00e1ndote\u201d o su \u201cGuitarra Negra\u201d -como lo supo hacer- a los grandes escenarios de la Europa del exilio.<\/p>\n<p class=\"basic-paragraph\">Lo recuerdo alzando tribunas con su voz grave y honda, tan uruguayamente contenida, orgullosa y combativa como su pueblo, serena y melanc\u00f3lica como sus dolores y sus sue\u00f1os redentores del hombre y la mujer de trabajo.<\/p>\n<p class=\"basic-paragraph\">Hab\u00eda nacido en Montevideo el 10 de marzo de 1936. Hijo natural, tan natural de su madre como de su querido Uruguay; fue primero locutor radial y periodista, y luego poeta, compositor e int\u00e9rprete de la m\u00e1s caracterizada canci\u00f3n uruguaya, as\u00ed como una de las voces m\u00e1s importantes de la canci\u00f3n latinoamericana.<\/p>\n<p class=\"basic-paragraph\">Era tan uruguayo como el mate amargo, rara mezcla de porte\u00f1o de arrabal y del centro, con contundentes aires campesinos y conciencia proletaria. Riguroso traje oscuro, camisa blanca y corbata o pa\u00f1uelo al cuello, a veces peinado a la gomina aunque siempre con crenchas rebeldes de gaucha rebeld\u00eda, su estampa tanguera se fund\u00eda en un estilo \u00fanico y simbi\u00f3tico de milonga, chamarrita, zamba, tango y otras viejas y modernas melod\u00edas. Y ni hablar de su inconfundible acompa\u00f1amiento de guitarras, am\u00e9n de los violines y el violonchelo que ensamblaban con su voz en una bella danza a dueto de dureza y ternura.<\/p>\n<p class=\"basic-paragraph\">Y fue como por casualidad que lleg\u00f3 a cantor: estando en Per\u00fa rebusc\u00e1ndose la vida, en 1964, un amigo lo empuj\u00f3 a cantar dos temas en la radio; tuvo un \u00e9xito para \u00e9l inesperado; sigui\u00f3 en Bolivia y, en 1966, en Argentina dar\u00eda \u201cel salto\u201d al ser invitado al Festival de Cosqu\u00edn.<\/p>\n<p class=\"basic-paragraph\">Ferviente militante del Frente Amplio y del Partido Comunista (PCU), tras el Golpe de Estado del 27 de junio de 1973 y la dictadura c\u00edvico-militar instaurada en Uruguay, sufri\u00f3 censura, prohibici\u00f3n, amenazas, persecuciones, detenci\u00f3n en la Direcci\u00f3n de Inteligencia y el obligado exilio de su Patria.<\/p>\n<p class=\"basic-paragraph\">Vivi\u00f3 en Argentina, Espa\u00f1a y M\u00e9xico, aunque con asiduas visitas a Cuba y giras art\u00edsticas europeas en las que les cantaba a los uruguayos y latinoamericanos exiliados.<\/p>\n<p class=\"basic-paragraph\">Regres\u00f3 al Uruguay el 31 de marzo de 1984 y su vuelta al pago result\u00f3 apote\u00f3tica: miles y miles de orientales lo recibieron con abrazos y flores, entre risas y llantos, con los pu\u00f1os cerrados o los dedos en V, con banderas uruguayas, las tricolores del Frente Amplio y las rojas del Partido Comunista, en una caravana interminable por las calles de su Montevideo de fiesta.<\/p>\n<p class=\"basic-paragraph\">Alfredo Zitarrosa muri\u00f3 el 17 de enero de 1989 en su Montevideo natal y su despedida, popular y masiva, fue tanto o m\u00e1s impresionante que su bienvenida del \u201884.<\/p>\n<p class=\"basic-paragraph\">Y lo sigo imaginando, ahora caminando y silbando por una calle empedrada del \u201cbarrio de querer y poder\u201d, del brazo de la \u201cSe\u00f1orita Erre\u201d, de su pueblo y de la vida.<\/p>\n<\/div>\n","protected":false},"excerpt":{"rendered":"<p>80 A\u00d1OS DEL NATALICIO DE ALFREDO ZITARROSA La voz del Uruguay Por Rodolfo G. M\u00f3dena A veces lo imagino caminando y silbando por los andenes de cualquier vieja estaci\u00f3n ferroviaria, de cualquier pueblo chico y antiguo del interior profundo del Uruguay o la Argentina. Y tambi\u00e9n \u2013\u00bfy por qu\u00e9 no?-, llevando su canci\u00f3n comprometida y [&hellip;]<\/p>\n","protected":false},"author":1,"featured_media":659,"comment_status":"closed","ping_status":"closed","sticky":false,"template":"","format":"standard","meta":{"tdm_status":"","tdm_grid_status":"","footnotes":""},"categories":[17],"tags":[],"class_list":["post-663","post","type-post","status-publish","format-standard","has-post-thumbnail","hentry","category-contratapa"],"_links":{"self":[{"href":"https:\/\/pcce.com.ar\/pcce\/wp-json\/wp\/v2\/posts\/663","targetHints":{"allow":["GET"]}}],"collection":[{"href":"https:\/\/pcce.com.ar\/pcce\/wp-json\/wp\/v2\/posts"}],"about":[{"href":"https:\/\/pcce.com.ar\/pcce\/wp-json\/wp\/v2\/types\/post"}],"author":[{"embeddable":true,"href":"https:\/\/pcce.com.ar\/pcce\/wp-json\/wp\/v2\/users\/1"}],"replies":[{"embeddable":true,"href":"https:\/\/pcce.com.ar\/pcce\/wp-json\/wp\/v2\/comments?post=663"}],"version-history":[{"count":0,"href":"https:\/\/pcce.com.ar\/pcce\/wp-json\/wp\/v2\/posts\/663\/revisions"}],"wp:featuredmedia":[{"embeddable":true,"href":"https:\/\/pcce.com.ar\/pcce\/wp-json\/wp\/v2\/media\/659"}],"wp:attachment":[{"href":"https:\/\/pcce.com.ar\/pcce\/wp-json\/wp\/v2\/media?parent=663"}],"wp:term":[{"taxonomy":"category","embeddable":true,"href":"https:\/\/pcce.com.ar\/pcce\/wp-json\/wp\/v2\/categories?post=663"},{"taxonomy":"post_tag","embeddable":true,"href":"https:\/\/pcce.com.ar\/pcce\/wp-json\/wp\/v2\/tags?post=663"}],"curies":[{"name":"wp","href":"https:\/\/api.w.org\/{rel}","templated":true}]}}