{"id":6726,"date":"2022-08-26T17:59:23","date_gmt":"2022-08-26T20:59:23","guid":{"rendered":"https:\/\/pcce.com.ar\/pcce\/?p=6726"},"modified":"2022-08-26T17:59:23","modified_gmt":"2022-08-26T20:59:23","slug":"secuestro-del-avion-de-bandera-venezolana-un-embargo-imperialista","status":"publish","type":"post","link":"https:\/\/pcce.com.ar\/pcce\/2022\/08\/26\/secuestro-del-avion-de-bandera-venezolana-un-embargo-imperialista\/","title":{"rendered":"SECUESTRO DEL AVI\u00d3N DE BANDERA VENEZOLANA: Un embargo imperialista"},"content":{"rendered":"<h4>SECUESTRO DEL AVI\u00d3N DE BANDERA VENEZOLANA<\/h4>\n<h1>Un embargo imperialista<\/h1>\n<p class=\"p1\"><span class=\"s1\">A principios de junio, lleg\u00f3 a Ezeiza el avi\u00f3n Boeing 747-300M de la Empresa de Transporte Aerocargo del Sur (Emtrasur) de Venezuela con una tripulaci\u00f3n compuesta por catorce venezolanos y cinco iran\u00edes. All\u00ed, un operativo de la Polic\u00eda de Seguridad Aeroportuaria (PSA), Migraciones, la Aduana y la Polic\u00eda Federal revis\u00f3 la carga y encontr\u00f3 autopartes. No report\u00f3 nada extra\u00f1o. Sin embargo, retuvieron los pasaportes de cada tripulante y los condicionaron a salir del pa\u00eds en un vuelo de l\u00ednea. Dos meses m\u00e1s tarde, el Ministerio de Justicia recibi\u00f3 el pedido de intervenci\u00f3n del Departamento de Justicia de Estados Unidos, quienes reclamaban la incautaci\u00f3n del avi\u00f3n venezolano. Frente a este dilema meramente pol\u00edtico, Argentina tuvo que decidir si le aplicaba al pa\u00eds bolivariano un bloqueo estadounidense. <\/span><\/p>\n<p class=\"p1\"><span class=\"s1\">La acusaci\u00f3n principal fue que a la aerol\u00ednea la compraron en la iran\u00ed Mahan Air, una compa\u00f1\u00eda sancionada por Estados Unidos, acusada de prestar servicios a agrupaciones que consideran \u201cterroristas\u201d. Lo cierto es que ni la Agencia Federal de Inteligencia (AFI), Canciller\u00eda, Interpol o la Direcci\u00f3n de Migraciones encontraron alguna alerta, relaci\u00f3n o vinculaci\u00f3n entre los tripulantes y grupos violentos. Alberto Fern\u00e1ndez dijo que hubo un aprovechamiento pol\u00edtico de la oposici\u00f3n y de intereses geopol\u00edticos y que no existi\u00f3 irregularidad en la llegada del avi\u00f3n. <\/span><\/p>\n<p class=\"p1\"><span class=\"s1\">La investigaci\u00f3n actual la lleva adelante el juez Federico Villena de Lomas de Zamora, quien en los \u00faltimos d\u00edas decidi\u00f3, mediante una medida judicial, \u201cdisponer el secuestro de la aeronave de matr\u00edcula venezolana YV3531 Dreamliner de la empresa Emtrasur, la cual se encuentra en el Aeropuerto con consigna policial\u201d. <\/span><\/p>\n<p class=\"p1\"><span class=\"s1\">Por su parte, Nicol\u00e1s Maduro anunci\u00f3 que comenzar\u00e1n una serie de acciones con el objetivo de recuperar las reservas de oro de Venezuela en el Banco de Londres y el avi\u00f3n que est\u00e1 retenido en nuestro pa\u00eds. \u201cVamos a dar una batalla con todas nuestras armas comunicacionales y pol\u00edticas, por el oro y el avi\u00f3n que pretenden quitarnos en Argentina, y tienen secuestrados a los pilotos que no han cometido ning\u00fan delito. Dos meses se han cumplido\u201d, denunci\u00f3.<\/span><\/p>\n<p class=\"p1\"><span class=\"s1\">Hoy hay un convenio bilateral de articulaci\u00f3n judicial con Estados Unidos, cuando todo lo que respalda la acusaci\u00f3n son las medidas de bloqueo contra Ir\u00e1n y Venezuela. La corporaci\u00f3n judicial argentina golpea directamente la soberan\u00eda del pueblo bolivariano de Venezuela, la misma Patria de Ch\u00e1vez y Bol\u00edvar.<\/span><\/p>\n","protected":false},"excerpt":{"rendered":"<p>SECUESTRO DEL AVI\u00d3N DE BANDERA VENEZOLANA Un embargo imperialista A principios de junio, lleg\u00f3 a Ezeiza el avi\u00f3n Boeing 747-300M de la Empresa de Transporte Aerocargo del Sur (Emtrasur) de Venezuela con una tripulaci\u00f3n compuesta por catorce venezolanos y cinco iran\u00edes. All\u00ed, un operativo de la Polic\u00eda de Seguridad Aeroportuaria (PSA), Migraciones, la Aduana y [&hellip;]<\/p>\n","protected":false},"author":1,"featured_media":6731,"comment_status":"closed","ping_status":"closed","sticky":false,"template":"","format":"standard","meta":{"tdm_status":"","tdm_grid_status":"","footnotes":""},"categories":[4,39],"tags":[],"class_list":["post-6726","post","type-post","status-publish","format-standard","has-post-thumbnail","hentry","category-featured","category-nota-central"],"_links":{"self":[{"href":"https:\/\/pcce.com.ar\/pcce\/wp-json\/wp\/v2\/posts\/6726","targetHints":{"allow":["GET"]}}],"collection":[{"href":"https:\/\/pcce.com.ar\/pcce\/wp-json\/wp\/v2\/posts"}],"about":[{"href":"https:\/\/pcce.com.ar\/pcce\/wp-json\/wp\/v2\/types\/post"}],"author":[{"embeddable":true,"href":"https:\/\/pcce.com.ar\/pcce\/wp-json\/wp\/v2\/users\/1"}],"replies":[{"embeddable":true,"href":"https:\/\/pcce.com.ar\/pcce\/wp-json\/wp\/v2\/comments?post=6726"}],"version-history":[{"count":0,"href":"https:\/\/pcce.com.ar\/pcce\/wp-json\/wp\/v2\/posts\/6726\/revisions"}],"wp:featuredmedia":[{"embeddable":true,"href":"https:\/\/pcce.com.ar\/pcce\/wp-json\/wp\/v2\/media\/6731"}],"wp:attachment":[{"href":"https:\/\/pcce.com.ar\/pcce\/wp-json\/wp\/v2\/media?parent=6726"}],"wp:term":[{"taxonomy":"category","embeddable":true,"href":"https:\/\/pcce.com.ar\/pcce\/wp-json\/wp\/v2\/categories?post=6726"},{"taxonomy":"post_tag","embeddable":true,"href":"https:\/\/pcce.com.ar\/pcce\/wp-json\/wp\/v2\/tags?post=6726"}],"curies":[{"name":"wp","href":"https:\/\/api.w.org\/{rel}","templated":true}]}}