{"id":6753,"date":"2022-09-09T00:08:20","date_gmt":"2022-09-09T03:08:20","guid":{"rendered":"https:\/\/pcce.com.ar\/pcce\/?p=6753"},"modified":"2022-09-09T00:08:20","modified_gmt":"2022-09-09T03:08:20","slug":"actividad-en-cta-en-apoyo-a-cristina-en-parana","status":"publish","type":"post","link":"https:\/\/pcce.com.ar\/pcce\/2022\/09\/09\/actividad-en-cta-en-apoyo-a-cristina-en-parana\/","title":{"rendered":"ACTIVIDAD EN CTA: En apoyo a Cristina en Paran\u00e1"},"content":{"rendered":"<h4 class=\"p1\"><span class=\"s1\">ACTIVIDAD EN CTA<\/span><\/h4>\n<h1 class=\"p1\"><span class=\"s1\">En apoyo a Cristina en Paran\u00e1 <\/span><\/h1>\n<p class=\"p1\"><span class=\"s1\">El s\u00e1bado 27 de agosto realizamos en la CTA de los y las Trabajadoras, una actividad en apoyo a Cristina en la que reproducimos su alegato despu\u00e9s de la acusaci\u00f3n que pretende proscribirla y encarcelarla. De la actividad participaron en su mayor\u00eda kirchneristas \u201csilvestres\u201d o no organizados que necesitaban un lugar donde acompa\u00f1ar y defender a la compa\u00f1era. Para culminar realizamos un debate sobre la necesidad de organizarnos y poder garantizar la mayor cantidad de compa\u00f1eros y compa\u00f1eras en la movilizaci\u00f3n que se realiz\u00f3 el 2 de septiembre en la ciudad de Paran\u00e1 frente a Casa de Gobierno. Con una participaci\u00f3n m\u00e1s que importante, se desarroll\u00f3 la concentraci\u00f3n que pudo nuclear a los m\u00e1s diversos sectores del campo popular que deberemos seguir aglutinando para garantizar el futuro pol\u00edtico de la provincia.<\/span><\/p>\n","protected":false},"excerpt":{"rendered":"<p>ACTIVIDAD EN CTA En apoyo a Cristina en Paran\u00e1 El s\u00e1bado 27 de agosto realizamos en la CTA de los y las Trabajadoras, una actividad en apoyo a Cristina en la que reproducimos su alegato despu\u00e9s de la acusaci\u00f3n que pretende proscribirla y encarcelarla. De la actividad participaron en su mayor\u00eda kirchneristas \u201csilvestres\u201d o no [&hellip;]<\/p>\n","protected":false},"author":1,"featured_media":6765,"comment_status":"closed","ping_status":"closed","sticky":false,"template":"","format":"standard","meta":{"tdm_status":"","tdm_grid_status":"","footnotes":""},"categories":[4,38,9],"tags":[],"class_list":["post-6753","post","type-post","status-publish","format-standard","has-post-thumbnail","hentry","category-featured","category-sindical","category-vidadepartido"],"_links":{"self":[{"href":"https:\/\/pcce.com.ar\/pcce\/wp-json\/wp\/v2\/posts\/6753","targetHints":{"allow":["GET"]}}],"collection":[{"href":"https:\/\/pcce.com.ar\/pcce\/wp-json\/wp\/v2\/posts"}],"about":[{"href":"https:\/\/pcce.com.ar\/pcce\/wp-json\/wp\/v2\/types\/post"}],"author":[{"embeddable":true,"href":"https:\/\/pcce.com.ar\/pcce\/wp-json\/wp\/v2\/users\/1"}],"replies":[{"embeddable":true,"href":"https:\/\/pcce.com.ar\/pcce\/wp-json\/wp\/v2\/comments?post=6753"}],"version-history":[{"count":0,"href":"https:\/\/pcce.com.ar\/pcce\/wp-json\/wp\/v2\/posts\/6753\/revisions"}],"wp:featuredmedia":[{"embeddable":true,"href":"https:\/\/pcce.com.ar\/pcce\/wp-json\/wp\/v2\/media\/6765"}],"wp:attachment":[{"href":"https:\/\/pcce.com.ar\/pcce\/wp-json\/wp\/v2\/media?parent=6753"}],"wp:term":[{"taxonomy":"category","embeddable":true,"href":"https:\/\/pcce.com.ar\/pcce\/wp-json\/wp\/v2\/categories?post=6753"},{"taxonomy":"post_tag","embeddable":true,"href":"https:\/\/pcce.com.ar\/pcce\/wp-json\/wp\/v2\/tags?post=6753"}],"curies":[{"name":"wp","href":"https:\/\/api.w.org\/{rel}","templated":true}]}}