{"id":6784,"date":"2022-09-29T23:49:25","date_gmt":"2022-09-30T02:49:25","guid":{"rendered":"https:\/\/pcce.com.ar\/pcce\/?p=6784"},"modified":"2022-09-29T23:49:25","modified_gmt":"2022-09-30T02:49:25","slug":"vicente-lopez-pena-todxs-con-cristina","status":"publish","type":"post","link":"https:\/\/pcce.com.ar\/pcce\/2022\/09\/29\/vicente-lopez-pena-todxs-con-cristina\/","title":{"rendered":"VICENTE L\u00d3PEZ: Pe\u00f1a Todxs con Cristina"},"content":{"rendered":"<h4 class=\"p1\"><span class=\"s1\">VICENTE L\u00d3PEZ<\/span><\/h4>\n<h1 class=\"p1\"><span class=\"s1\">Pe\u00f1a Todxs con Cristina<\/span><\/h1>\n<p class=\"p1\"><span class=\"s1\">En el marco de la persecuci\u00f3n judicial del lawfare y del intento de asesinato contra la compa\u00f1era Cristina, decidimos salir a multiplicar los espacios de movilizaci\u00f3n popular, en este caso desde el frente de la cultura. Con hechos m\u00e1s grandes o m\u00e1s peque\u00f1os, es crucial mantener la presencia del pueblo en la calle. El s\u00e1bado 10 de septiembre, en nuestro Centro Cultural Mercedes Sosa, realizamos la pe\u00f1a \u201cTodxs con Cristina\u201d. <\/span><\/p>\n<p class=\"p1\"><span class=\"s1\">La pe\u00f1a se desarroll\u00f3 con el formato de \u2018micr\u00f3fono abierto\u2019, del cual participaron y nos deleitaron con su m\u00fasica amigos, vecinos, familiares y camaradas del Partido. A medida que se suced\u00edan los n\u00fameros musicales, se vendieron choris y empanadas fritas, en un ambiente de compa\u00f1erismo y solidaridad popular.<\/span><\/p>\n<p class=\"p1\"><span class=\"s1\">La pe\u00f1a cont\u00f3 con la intervenci\u00f3n pol\u00edtica del camarada Pedro de Bernardis, responsable del frente de secundarios del Partido, quien centr\u00f3 su alocuci\u00f3n en el repudio al intento de magnicidio, enmarc\u00e1ndolo en el proceso persecutorio que la derecha neoliberal, bancada por el imperialismo, viene llevando adelante. Su conclusi\u00f3n fue que solo la movilizaci\u00f3n y organizaci\u00f3n popular pueden garantizar la continuidad del proyecto popular que Cristina encarna. <\/span><\/p>\n<p class=\"p1\"><span class=\"s1\">A lo largo de la pe\u00f1a, compa\u00f1eros de algunas agrupaciones peronistas del FdT de Vicente L\u00f3pez nos acompa\u00f1aron, a\u00f1adiendo el car\u00e1cter frentista de la actividad. Finalmente, con c\u00e1nticos en defensa de Cristina y mucha alegr\u00eda militante, concluy\u00f3 otra jornada musical y pol\u00edtico-cultural del CCMS.<\/span><\/p>\n","protected":false},"excerpt":{"rendered":"<p>VICENTE L\u00d3PEZ Pe\u00f1a Todxs con Cristina En el marco de la persecuci\u00f3n judicial del lawfare y del intento de asesinato contra la compa\u00f1era Cristina, decidimos salir a multiplicar los espacios de movilizaci\u00f3n popular, en este caso desde el frente de la cultura. Con hechos m\u00e1s grandes o m\u00e1s peque\u00f1os, es crucial mantener la presencia del [&hellip;]<\/p>\n","protected":false},"author":1,"featured_media":6795,"comment_status":"closed","ping_status":"closed","sticky":false,"template":"","format":"standard","meta":{"tdm_status":"","tdm_grid_status":"","footnotes":""},"categories":[4,9],"tags":[],"class_list":["post-6784","post","type-post","status-publish","format-standard","has-post-thumbnail","hentry","category-featured","category-vidadepartido"],"_links":{"self":[{"href":"https:\/\/pcce.com.ar\/pcce\/wp-json\/wp\/v2\/posts\/6784","targetHints":{"allow":["GET"]}}],"collection":[{"href":"https:\/\/pcce.com.ar\/pcce\/wp-json\/wp\/v2\/posts"}],"about":[{"href":"https:\/\/pcce.com.ar\/pcce\/wp-json\/wp\/v2\/types\/post"}],"author":[{"embeddable":true,"href":"https:\/\/pcce.com.ar\/pcce\/wp-json\/wp\/v2\/users\/1"}],"replies":[{"embeddable":true,"href":"https:\/\/pcce.com.ar\/pcce\/wp-json\/wp\/v2\/comments?post=6784"}],"version-history":[{"count":0,"href":"https:\/\/pcce.com.ar\/pcce\/wp-json\/wp\/v2\/posts\/6784\/revisions"}],"wp:featuredmedia":[{"embeddable":true,"href":"https:\/\/pcce.com.ar\/pcce\/wp-json\/wp\/v2\/media\/6795"}],"wp:attachment":[{"href":"https:\/\/pcce.com.ar\/pcce\/wp-json\/wp\/v2\/media?parent=6784"}],"wp:term":[{"taxonomy":"category","embeddable":true,"href":"https:\/\/pcce.com.ar\/pcce\/wp-json\/wp\/v2\/categories?post=6784"},{"taxonomy":"post_tag","embeddable":true,"href":"https:\/\/pcce.com.ar\/pcce\/wp-json\/wp\/v2\/tags?post=6784"}],"curies":[{"name":"wp","href":"https:\/\/api.w.org\/{rel}","templated":true}]}}