{"id":6787,"date":"2022-09-29T23:48:33","date_gmt":"2022-09-30T02:48:33","guid":{"rendered":"https:\/\/pcce.com.ar\/pcce\/?p=6787"},"modified":"2022-09-29T23:48:33","modified_gmt":"2022-09-30T02:48:33","slug":"por-la-memoria-y-la-democracia-los-lapices-siguen-escribiendo","status":"publish","type":"post","link":"https:\/\/pcce.com.ar\/pcce\/2022\/09\/29\/por-la-memoria-y-la-democracia-los-lapices-siguen-escribiendo\/","title":{"rendered":"POR LA MEMORIA Y LA DEMOCRACIA: Los l\u00e1pices siguen escribiendo"},"content":{"rendered":"<h4 class=\"p1\"><span class=\"s1\">POR LA MEMORIA Y LA DEMOCRACIA<\/span><\/h4>\n<h1 class=\"p1\"><span class=\"s1\">Los l\u00e1pices siguen escribiendo<\/span><\/h1>\n<p class=\"p1\"><span class=\"s1\">En el marco de un nuevo aniversario de la Noche de los L\u00e1pices, el frente estudiantil secundario del Partido se puso en movimiento y sali\u00f3 a la calle para conmemorar la lucha de los compa\u00f1erxs desaparecidxs. En la semana del 16 salimos a pintar murales con la consigna \u201cCon Cristina, por la memoria y la democracia, los l\u00e1pices siguen escribiendo\u201d, buscando trazar la continuidad hist\u00f3rica entre las banderas de lxs estudiantes de La Plata desaparecidxs y la actualidad pol\u00edtica. <\/span><\/p>\n<p class=\"p1\"><span class=\"s1\">El mismo 16 participamos junto a las federaciones estudiantiles, las organizaciones del kirchnerismo y el campo nacional y popular, de la movilizaci\u00f3n que se desarroll\u00f3 desde el Congreso hacia la Plaza de Mayo. All\u00ed fuimos con nuestros volantes, nuestras flameas y nuestra consigna.<\/span><\/p>\n<p class=\"p1\"><span class=\"s1\">Hoy, a 46 a\u00f1os de aquella fat\u00eddica noche, lxs secundarixs comunistas seguimos luchando por la liberaci\u00f3n de nuestra Patria y por una sociedad m\u00e1s justa. Con Cristina al frente, con nuestra identidad y nuestras banderas en alto vamos a enfrentar nuevamente a la reacci\u00f3n y el fascismo para construir la Argentina que so\u00f1aron los 30.000.<\/span><\/p>\n","protected":false},"excerpt":{"rendered":"<p>POR LA MEMORIA Y LA DEMOCRACIA Los l\u00e1pices siguen escribiendo En el marco de un nuevo aniversario de la Noche de los L\u00e1pices, el frente estudiantil secundario del Partido se puso en movimiento y sali\u00f3 a la calle para conmemorar la lucha de los compa\u00f1erxs desaparecidxs. En la semana del 16 salimos a pintar murales [&hellip;]<\/p>\n","protected":false},"author":1,"featured_media":6797,"comment_status":"closed","ping_status":"closed","sticky":false,"template":"","format":"standard","meta":{"tdm_status":"","tdm_grid_status":"","footnotes":""},"categories":[37,4,9],"tags":[],"class_list":["post-6787","post","type-post","status-publish","format-standard","has-post-thumbnail","hentry","category-estudiantil","category-featured","category-vidadepartido"],"_links":{"self":[{"href":"https:\/\/pcce.com.ar\/pcce\/wp-json\/wp\/v2\/posts\/6787","targetHints":{"allow":["GET"]}}],"collection":[{"href":"https:\/\/pcce.com.ar\/pcce\/wp-json\/wp\/v2\/posts"}],"about":[{"href":"https:\/\/pcce.com.ar\/pcce\/wp-json\/wp\/v2\/types\/post"}],"author":[{"embeddable":true,"href":"https:\/\/pcce.com.ar\/pcce\/wp-json\/wp\/v2\/users\/1"}],"replies":[{"embeddable":true,"href":"https:\/\/pcce.com.ar\/pcce\/wp-json\/wp\/v2\/comments?post=6787"}],"version-history":[{"count":0,"href":"https:\/\/pcce.com.ar\/pcce\/wp-json\/wp\/v2\/posts\/6787\/revisions"}],"wp:featuredmedia":[{"embeddable":true,"href":"https:\/\/pcce.com.ar\/pcce\/wp-json\/wp\/v2\/media\/6797"}],"wp:attachment":[{"href":"https:\/\/pcce.com.ar\/pcce\/wp-json\/wp\/v2\/media?parent=6787"}],"wp:term":[{"taxonomy":"category","embeddable":true,"href":"https:\/\/pcce.com.ar\/pcce\/wp-json\/wp\/v2\/categories?post=6787"},{"taxonomy":"post_tag","embeddable":true,"href":"https:\/\/pcce.com.ar\/pcce\/wp-json\/wp\/v2\/tags?post=6787"}],"curies":[{"name":"wp","href":"https:\/\/api.w.org\/{rel}","templated":true}]}}