{"id":6817,"date":"2022-10-14T00:25:50","date_gmt":"2022-10-14T03:25:50","guid":{"rendered":"https:\/\/pcce.com.ar\/pcce\/?p=6817"},"modified":"2022-10-14T00:35:30","modified_gmt":"2022-10-14T03:35:30","slug":"caba-contra-los-ataques-de-larreta-y-acuna","status":"publish","type":"post","link":"https:\/\/pcce.com.ar\/pcce\/2022\/10\/14\/caba-contra-los-ataques-de-larreta-y-acuna\/","title":{"rendered":"CABA: Contra los ataques de Larreta y Acu\u00f1a"},"content":{"rendered":"<h4 class=\"p1\"><span class=\"s1\">CABA<\/span><\/h4>\n<h1 class=\"p1\"><span class=\"s1\">Contra los ataques <\/span><span class=\"s1\">de Larreta y Acu\u00f1a<\/span><\/h1>\n<p class=\"p1\"><span class=\"s1\">El pasado martes 4 de octubre se realiz\u00f3 una movilizaci\u00f3n convocada por los centros de estudiantes de la Capital. Esta acci\u00f3n se suma a diferentes iniciativas de la comunidad educativa que se vienen realizando en defensa de la escuela p\u00fablica (paros docentes, movilizaciones, actividades en las comunas, entre otras) que viene atacando el gobierno de Larreta y Acu\u00f1a de manera sistem\u00e1tica a partir de diversas medidas como: la baja del presupuesto desde el 2007, la subejecuci\u00f3n del presupuesto de infraestructura, la comida de mala calidad, la falta de inversi\u00f3n y el gasto que Larreta emplea para su campa\u00f1a presidencial. Todo esto se constata simplemente comparando los datos del \u00faltimo a\u00f1o donde el gobierno porte\u00f1o destin\u00f3 a educaci\u00f3n $5.851.355 contra $20.890.794 s\u00f3lo a la publicidad.<\/span><\/p>\n<p class=\"p1\"><span class=\"s1\">La marcha parti\u00f3 desde el colegio Mariano Acosta y recorri\u00f3 35 cuadras hasta la Jefatura de Gobierno. La consigna central fue \u201cUnidad estudiantil en defensa de la educaci\u00f3n p\u00fablica\u201d. Esta movilizaci\u00f3n se fue gestando al calor de los reclamos realizados desde las escuelas y que la ministra Acu\u00f1a no escucha: lxs estudiantes secundarixs no quieren dejar de tener clases para ir a realizar tareas laborales que nada tienen que ver con su formaci\u00f3n (en las ACAP, les proponen servir caf\u00e9, lavar platos o contar los blancos en los hoteles, tambi\u00e9n realizar tareas en la Polic\u00eda de la Ciudad) y que no es m\u00e1s que mano de obra gratis para las empresas \u201camigas\u201d del GCBA. <\/span><\/p>\n<p class=\"p1\"><span class=\"s1\">Adhiriendo a cada una de las demandas estudiantiles, el mismo 4 de octubre se llev\u00f3 adelante el segundo y masivo paro docente de la Ciudad (con un 90% de adhesi\u00f3n) al que le sumaron el reclamo a Acu\u00f1a para que respete la jornada laboral y los espacios de reflexi\u00f3n de las escuelas que permite analizar y dise\u00f1ar las propuestas did\u00e1cticas necesarias para cada comunidad.<\/span><\/p>\n<p class=\"p1\"><span class=\"s1\">El movimiento estudiantil y la comunidad educativa porte\u00f1a le respondi\u00f3 a la derecha que, frente al ajuste neoliberal, la represi\u00f3n y persecuci\u00f3n pol\u00edtica, se chocar\u00e1n con m\u00e1s lucha y organizaci\u00f3n.<\/span><\/p>\n","protected":false},"excerpt":{"rendered":"<p>CABA Contra los ataques de Larreta y Acu\u00f1a El pasado martes 4 de octubre se realiz\u00f3 una movilizaci\u00f3n convocada por los centros de estudiantes de la Capital. Esta acci\u00f3n se suma a diferentes iniciativas de la comunidad educativa que se vienen realizando en defensa de la escuela p\u00fablica (paros docentes, movilizaciones, actividades en las comunas, [&hellip;]<\/p>\n","protected":false},"author":1,"featured_media":6827,"comment_status":"closed","ping_status":"closed","sticky":false,"template":"","format":"standard","meta":{"tdm_status":"","tdm_grid_status":"","footnotes":""},"categories":[37,4,9],"tags":[],"class_list":["post-6817","post","type-post","status-publish","format-standard","has-post-thumbnail","hentry","category-estudiantil","category-featured","category-vidadepartido"],"_links":{"self":[{"href":"https:\/\/pcce.com.ar\/pcce\/wp-json\/wp\/v2\/posts\/6817","targetHints":{"allow":["GET"]}}],"collection":[{"href":"https:\/\/pcce.com.ar\/pcce\/wp-json\/wp\/v2\/posts"}],"about":[{"href":"https:\/\/pcce.com.ar\/pcce\/wp-json\/wp\/v2\/types\/post"}],"author":[{"embeddable":true,"href":"https:\/\/pcce.com.ar\/pcce\/wp-json\/wp\/v2\/users\/1"}],"replies":[{"embeddable":true,"href":"https:\/\/pcce.com.ar\/pcce\/wp-json\/wp\/v2\/comments?post=6817"}],"version-history":[{"count":0,"href":"https:\/\/pcce.com.ar\/pcce\/wp-json\/wp\/v2\/posts\/6817\/revisions"}],"wp:featuredmedia":[{"embeddable":true,"href":"https:\/\/pcce.com.ar\/pcce\/wp-json\/wp\/v2\/media\/6827"}],"wp:attachment":[{"href":"https:\/\/pcce.com.ar\/pcce\/wp-json\/wp\/v2\/media?parent=6817"}],"wp:term":[{"taxonomy":"category","embeddable":true,"href":"https:\/\/pcce.com.ar\/pcce\/wp-json\/wp\/v2\/categories?post=6817"},{"taxonomy":"post_tag","embeddable":true,"href":"https:\/\/pcce.com.ar\/pcce\/wp-json\/wp\/v2\/tags?post=6817"}],"curies":[{"name":"wp","href":"https:\/\/api.w.org\/{rel}","templated":true}]}}