{"id":6820,"date":"2022-10-14T00:25:21","date_gmt":"2022-10-14T03:25:21","guid":{"rendered":"https:\/\/pcce.com.ar\/pcce\/?p=6820"},"modified":"2022-10-14T00:25:21","modified_gmt":"2022-10-14T03:25:21","slug":"movimiento-obrero-paritarias-y-estado-de-alerta-permanente","status":"publish","type":"post","link":"https:\/\/pcce.com.ar\/pcce\/2022\/10\/14\/movimiento-obrero-paritarias-y-estado-de-alerta-permanente\/","title":{"rendered":"MOVIMIENTO OBRERO: Paritarias y estado de alerta permanente"},"content":{"rendered":"<h4>MOVIMIENTO OBRERO<\/h4>\n<h1>Paritarias y estado de alerta permanente<\/h1>\n<p class=\"p1\"><span class=\"s1\">La provincia de Santa Fe es sin dudas una de las m\u00e1s ricas en el pa\u00eds, dado nuestro modelo agroexportador y por el volumen de cereales que salen de los puertos de Rosario. Esta riqueza queda en muy pocas manos, generalmente empresas transnacionales asociadas algunas de ellas con el crimen organizado que altera en lo cotidiano la vida de cada trabajador y trabajadora. Esta situaci\u00f3n no es ajena a la docencia, que desde la escuela p\u00fablica viene sosteniendo los comedores, haciendo frente y sufriendo la violencia estructural que se padece en los barrios populares. Con un salario cada vez m\u00e1s lejos de la inflaci\u00f3n, empeora a\u00fan m\u00e1s el humor social y sectorial de las y los trabajadores. En consecuencia, se vienen haciendo abrazos solidarios en la escuelas que visibilicen esta situaci\u00f3n problem\u00e1tica. <\/span><\/p>\n<p class=\"p1\"><span class=\"s1\">En agosto la dirigencia sindical solicita una reapertura anticipada de paritarias, que no tuvo respuesta del gobierno,por lo que toda la clase trabajadora del sector p\u00fablico santafesino entr\u00f3 en conflicto con paros y movilizaciones. La convocatoria lleg\u00f3 reci\u00e9n en septiembre con una propuesta insuficiente seg\u00fan lo evaluado en cada asamblea y plenario de trabajadoras y trabajadores. Pero la situaci\u00f3n se complic\u00f3 para la docencia cuando los demas dirigentes de empleados estatales y la docencia privada deciden aceptar la propuesta del gobierno provincial dejando s\u00f3los a la AMSAFE. <\/span><\/p>\n<p class=\"p1\"><span class=\"s1\">Nuestra postura como Partido es siempre medir la correlaci\u00f3n de fuerzas y el nivel de conciencia combativa de la clase trabajadora, sin confundir indignaci\u00f3n con combatividad. Despu\u00e9s de 17 d\u00edas de paros, movilizaci\u00f3n, jornadas de debates p\u00fablicos y ante los descuentos de los d\u00edas no trabajados por las medidas de fuerzas, se defini\u00f3 en los plenarios del Frente Trabajadores de la Educaci\u00f3n cambiar nuestra estrategia y mocionar la \u201cAceptaci\u00f3n\u201d a la propuesta, que contiene entre sus puntos la devoluci\u00f3n de los descuentos efectuados, entre otros beneficios relacionados a los concursos de ingreso y ascenso. Adem\u00e1s, el compromiso de reapertura de la paritaria en diciembre para \u201cnivelar el salario\u201d seg\u00fan la inflaci\u00f3n de fin de a\u00f1o. Esto nos permite destrabar el conflicto para fortalecer y seguir la lucha por otros medios, hasta retomar la discusi\u00f3n paritaria, con el prop\u00f3sito de cuidar el salario y la herramienta de lucha sindical. <\/span><\/p>\n","protected":false},"excerpt":{"rendered":"<p>MOVIMIENTO OBRERO Paritarias y estado de alerta permanente La provincia de Santa Fe es sin dudas una de las m\u00e1s ricas en el pa\u00eds, dado nuestro modelo agroexportador y por el volumen de cereales que salen de los puertos de Rosario. Esta riqueza queda en muy pocas manos, generalmente empresas transnacionales asociadas algunas de ellas [&hellip;]<\/p>\n","protected":false},"author":1,"featured_media":0,"comment_status":"closed","ping_status":"closed","sticky":false,"template":"","format":"standard","meta":{"tdm_status":"","tdm_grid_status":"","footnotes":""},"categories":[4,38,9],"tags":[],"class_list":["post-6820","post","type-post","status-publish","format-standard","hentry","category-featured","category-sindical","category-vidadepartido"],"_links":{"self":[{"href":"https:\/\/pcce.com.ar\/pcce\/wp-json\/wp\/v2\/posts\/6820","targetHints":{"allow":["GET"]}}],"collection":[{"href":"https:\/\/pcce.com.ar\/pcce\/wp-json\/wp\/v2\/posts"}],"about":[{"href":"https:\/\/pcce.com.ar\/pcce\/wp-json\/wp\/v2\/types\/post"}],"author":[{"embeddable":true,"href":"https:\/\/pcce.com.ar\/pcce\/wp-json\/wp\/v2\/users\/1"}],"replies":[{"embeddable":true,"href":"https:\/\/pcce.com.ar\/pcce\/wp-json\/wp\/v2\/comments?post=6820"}],"version-history":[{"count":0,"href":"https:\/\/pcce.com.ar\/pcce\/wp-json\/wp\/v2\/posts\/6820\/revisions"}],"wp:attachment":[{"href":"https:\/\/pcce.com.ar\/pcce\/wp-json\/wp\/v2\/media?parent=6820"}],"wp:term":[{"taxonomy":"category","embeddable":true,"href":"https:\/\/pcce.com.ar\/pcce\/wp-json\/wp\/v2\/categories?post=6820"},{"taxonomy":"post_tag","embeddable":true,"href":"https:\/\/pcce.com.ar\/pcce\/wp-json\/wp\/v2\/tags?post=6820"}],"curies":[{"name":"wp","href":"https:\/\/api.w.org\/{rel}","templated":true}]}}