{"id":6851,"date":"2022-10-27T23:16:18","date_gmt":"2022-10-28T02:16:18","guid":{"rendered":"https:\/\/pcce.com.ar\/pcce\/?p=6851"},"modified":"2022-10-27T23:16:18","modified_gmt":"2022-10-28T02:16:18","slug":"longchamps-homenaje-al-che-en-almirante-brown","status":"publish","type":"post","link":"https:\/\/pcce.com.ar\/pcce\/2022\/10\/27\/longchamps-homenaje-al-che-en-almirante-brown\/","title":{"rendered":"LONGCHAMPS: Homenaje al Che en Almirante Brown"},"content":{"rendered":"<h4 class=\"p1\"><span class=\"s1\">LONGCHAMPS<\/span><\/h4>\n<h1 class=\"p1\"><span class=\"s1\">Homenaje al Che en Almirante Brown<\/span><\/h1>\n<p class=\"p1\"><span class=\"s1\">Organizaciones pol\u00edticas y sociales del campo popular en Almirante Brown decidimos homenajear al Guerrillero Heroico, el comandante Ernesto Che Guevara, en el marco del aniversario del d\u00eda que fue herido y capturado en La Higuera, Bolivia. <\/span><\/p>\n<p class=\"p1\"><span class=\"s1\">La iniciativa se desarroll\u00f3 en el barrio 14 de Febrero, Longchamps, lugar que tiene en su plaza el busto del Comandante y donde existe un trabajo de compa\u00f1eros y compa\u00f1eras formados en la Escuela Latinoamericana de Ciencias M\u00e9dicas de CUBA (ELAM) que por medio de la Propuesta Tatu, realizan pr\u00e1cticas de salud solidarias en el territorio, una tarea necesaria frente a la ausencia del Estado.<\/span><\/p>\n<p class=\"p1\"><span class=\"s1\">M\u00fasica, poes\u00eda y bailes latinoamericanos dieron el marco cultural de un homenaje necesario. El camarada Lucas, responsable de PCCE Brown, coment\u00f3 que \u201chomenajear al Che es refrescar la memoria y renovar energ\u00edas para las luchas que los y las revolucionarias venimos dando en los distintos frentes de masas: cualquier injusticia, nos pone en acci\u00f3n revolucionaria y eso es un rasgo distintivo que nos une al Comandante\u201d. <\/span><\/p>\n<p class=\"p1\"><span class=\"s1\">Es fundamental dar la batalla cultural, sosteniendo la figura hist\u00f3rica y actual, de un hombre que supo llevar las ideas del marxismo-leninismo a la pr\u00e1ctica. Mantener firmes nuestros principios y s\u00edmbolos, es sustancial para mantener viva la memoria de quienes dieron todo por un mundo mejor.<\/span><\/p>\n<p class=\"p1\"><span class=\"s1\">Desde el PCCE-Brown mantenemos la llama viva del Che y seguimos avanzando en la construcci\u00f3n del Partido que necesitamos en este territorio y aportando a la unidad del campo popular.<\/span><\/p>\n","protected":false},"excerpt":{"rendered":"<p>LONGCHAMPS Homenaje al Che en Almirante Brown Organizaciones pol\u00edticas y sociales del campo popular en Almirante Brown decidimos homenajear al Guerrillero Heroico, el comandante Ernesto Che Guevara, en el marco del aniversario del d\u00eda que fue herido y capturado en La Higuera, Bolivia. La iniciativa se desarroll\u00f3 en el barrio 14 de Febrero, Longchamps, lugar [&hellip;]<\/p>\n","protected":false},"author":1,"featured_media":6861,"comment_status":"closed","ping_status":"closed","sticky":false,"template":"","format":"standard","meta":{"tdm_status":"","tdm_grid_status":"","footnotes":""},"categories":[4,9],"tags":[],"class_list":["post-6851","post","type-post","status-publish","format-standard","has-post-thumbnail","hentry","category-featured","category-vidadepartido"],"_links":{"self":[{"href":"https:\/\/pcce.com.ar\/pcce\/wp-json\/wp\/v2\/posts\/6851","targetHints":{"allow":["GET"]}}],"collection":[{"href":"https:\/\/pcce.com.ar\/pcce\/wp-json\/wp\/v2\/posts"}],"about":[{"href":"https:\/\/pcce.com.ar\/pcce\/wp-json\/wp\/v2\/types\/post"}],"author":[{"embeddable":true,"href":"https:\/\/pcce.com.ar\/pcce\/wp-json\/wp\/v2\/users\/1"}],"replies":[{"embeddable":true,"href":"https:\/\/pcce.com.ar\/pcce\/wp-json\/wp\/v2\/comments?post=6851"}],"version-history":[{"count":0,"href":"https:\/\/pcce.com.ar\/pcce\/wp-json\/wp\/v2\/posts\/6851\/revisions"}],"wp:featuredmedia":[{"embeddable":true,"href":"https:\/\/pcce.com.ar\/pcce\/wp-json\/wp\/v2\/media\/6861"}],"wp:attachment":[{"href":"https:\/\/pcce.com.ar\/pcce\/wp-json\/wp\/v2\/media?parent=6851"}],"wp:term":[{"taxonomy":"category","embeddable":true,"href":"https:\/\/pcce.com.ar\/pcce\/wp-json\/wp\/v2\/categories?post=6851"},{"taxonomy":"post_tag","embeddable":true,"href":"https:\/\/pcce.com.ar\/pcce\/wp-json\/wp\/v2\/tags?post=6851"}],"curies":[{"name":"wp","href":"https:\/\/api.w.org\/{rel}","templated":true}]}}