{"id":6926,"date":"2022-11-25T00:11:06","date_gmt":"2022-11-25T03:11:06","guid":{"rendered":"https:\/\/pcce.com.ar\/pcce\/?p=6926"},"modified":"2022-11-25T00:11:06","modified_gmt":"2022-11-25T03:11:06","slug":"cierre-de-ano-en-general-rodriguez-lo-unico-permanente-es-la-lucha","status":"publish","type":"post","link":"https:\/\/pcce.com.ar\/pcce\/2022\/11\/25\/cierre-de-ano-en-general-rodriguez-lo-unico-permanente-es-la-lucha\/","title":{"rendered":"CIERRE DE A\u00d1O EN GENERAL RODR\u00cdGUEZ: Lo \u00fanico permanente es la lucha"},"content":{"rendered":"<div class=\"_idGenObjectLayout-1\">\n<div id=\"_idContainer105\">\n<div id=\"_idContainer104\" class=\"Marco-de-texto-b-sico\">\n<h4 class=\"P-rrafo-b-sico\"><span class=\"Mayuscula CharOverride-22\">CIERRE DE A\u00d1O EN GENERAL RODR\u00cdGUEZ<\/span><\/h4>\n<\/div>\n<\/div>\n<\/div>\n<div id=\"_idContainer106\" class=\"Marco-de-texto-b-sico\">\n<h1 class=\"P-rrafo-b-sico ParaOverride-4\"><span class=\"CharOverride-29\">Lo \u00fanico permanente es la lucha<\/span><\/h1>\n<\/div>\n<div class=\"_idGenObjectLayout-1\">\n<div id=\"_idContainer107\" class=\"_idGenObjectStyleOverride-1\">\n<p class=\"Capitular---texto-gral\"><span class=\"_idGenDropcap-1\">E<\/span>l s\u00e1bado 12 de noviembre realizamos un encuentro de fin de a\u00f1o entre camaradas. La reuni\u00f3n se dio con la calidez y la emotividad de siempre. Adem\u00e1s del folclore comunista, que nunca falta en este tipo de eventos, hubo un espacio formal en el que se destacaron nuestros camaradas veteranos, aquellos imprescindibles de los que habl\u00f3 Bertoldt Brecht, quienes describieron en primera persona lo que significa ser comunista. Tambi\u00e9n contamos con la presencia de nuestro Secretario General Pablo Pereyra, quien brind\u00f3 un an\u00e1lisis pol\u00edtico sobre el a\u00f1o que atravesamos y desarroll\u00f3 el rol que hoy debe cumplir un militante del PCCE. C\u00f3mo siempre dijimos, lo \u00fanico permanente es la lucha, y eso es lo que qued\u00f3 plasmado en el balance de la actividad.<\/p>\n<p class=\"Subtitulo-NOTA\"><strong><span class=\"CharOverride-28\">Los primeros brindis<\/span><\/strong><\/p>\n<p class=\"Texto-general\">En Isidro Casanova, nos reunimos camaradas de La Matanza, Mor\u00f3n y Gral. Rodr\u00edguez para hacer un brindis de cierre del a\u00f1o. La jornada transcurri\u00f3 entre an\u00e9cdotas de militancia y charlas sobre el significado de ser militante comunista.<\/p>\n<p class=\"Texto-general\">Cerramos celebrando el encuentro y el desarrollo de la construcci\u00f3n del colectivo de Partido en el zonal oeste del Gran Buenos Aires.<\/p>\n<\/div>\n<\/div>\n<div class=\"_idGenObjectLayout-1\">\n<div id=\"_idContainer110\">\n<div id=\"_idContainer108\" class=\"_idGenObjectStyleOverride-1\"><img decoding=\"async\" class=\"_idGenObjectAttribute-1\" src=\"NP_392-web-resources\/image\/IX_SAlud.jpg\" alt=\"\" \/><\/div>\n<\/div>\n<\/div>\n","protected":false},"excerpt":{"rendered":"<p>CIERRE DE A\u00d1O EN GENERAL RODR\u00cdGUEZ Lo \u00fanico permanente es la lucha El s\u00e1bado 12 de noviembre realizamos un encuentro de fin de a\u00f1o entre camaradas. La reuni\u00f3n se dio con la calidez y la emotividad de siempre. Adem\u00e1s del folclore comunista, que nunca falta en este tipo de eventos, hubo un espacio formal en [&hellip;]<\/p>\n","protected":false},"author":1,"featured_media":6935,"comment_status":"closed","ping_status":"closed","sticky":false,"template":"","format":"standard","meta":{"tdm_status":"","tdm_grid_status":"","footnotes":""},"categories":[4,9],"tags":[],"class_list":["post-6926","post","type-post","status-publish","format-standard","has-post-thumbnail","hentry","category-featured","category-vidadepartido"],"_links":{"self":[{"href":"https:\/\/pcce.com.ar\/pcce\/wp-json\/wp\/v2\/posts\/6926","targetHints":{"allow":["GET"]}}],"collection":[{"href":"https:\/\/pcce.com.ar\/pcce\/wp-json\/wp\/v2\/posts"}],"about":[{"href":"https:\/\/pcce.com.ar\/pcce\/wp-json\/wp\/v2\/types\/post"}],"author":[{"embeddable":true,"href":"https:\/\/pcce.com.ar\/pcce\/wp-json\/wp\/v2\/users\/1"}],"replies":[{"embeddable":true,"href":"https:\/\/pcce.com.ar\/pcce\/wp-json\/wp\/v2\/comments?post=6926"}],"version-history":[{"count":0,"href":"https:\/\/pcce.com.ar\/pcce\/wp-json\/wp\/v2\/posts\/6926\/revisions"}],"wp:featuredmedia":[{"embeddable":true,"href":"https:\/\/pcce.com.ar\/pcce\/wp-json\/wp\/v2\/media\/6935"}],"wp:attachment":[{"href":"https:\/\/pcce.com.ar\/pcce\/wp-json\/wp\/v2\/media?parent=6926"}],"wp:term":[{"taxonomy":"category","embeddable":true,"href":"https:\/\/pcce.com.ar\/pcce\/wp-json\/wp\/v2\/categories?post=6926"},{"taxonomy":"post_tag","embeddable":true,"href":"https:\/\/pcce.com.ar\/pcce\/wp-json\/wp\/v2\/tags?post=6926"}],"curies":[{"name":"wp","href":"https:\/\/api.w.org\/{rel}","templated":true}]}}