{"id":6927,"date":"2022-11-25T00:11:39","date_gmt":"2022-11-25T03:11:39","guid":{"rendered":"https:\/\/pcce.com.ar\/pcce\/?p=6927"},"modified":"2022-11-25T00:11:39","modified_gmt":"2022-11-25T03:11:39","slug":"hasta-la-victoria-siempre-raul-un-comunista-de-verdad","status":"publish","type":"post","link":"https:\/\/pcce.com.ar\/pcce\/2022\/11\/25\/hasta-la-victoria-siempre-raul-un-comunista-de-verdad\/","title":{"rendered":"\u00a1HASTA LA VICTORIA SIEMPRE RA\u00daL! : Un comunista de verdad"},"content":{"rendered":"<h4>\u00a1HASTA LA VICTORIA SIEMPRE RA\u00daL!<\/h4>\n<h1>Un comunista de verdad<\/h1>\n<p class=\"Capitular---texto-gral\"><span class=\"_idGenDropcap-1\">Y<\/span>a de pibe, en las escuelas rurales del Departamento de Sil\u00edpica en la provincia de Santiago del Estero, Ra\u00fal se vio encandilado por las gestas libertadoras encabezadas por San Mart\u00edn, Moreno y Belgrano. Ideas revolucionarias que hasta su \u00faltimo d\u00eda de vida supo encarnar en su militancia comunista, en cada \u00e1mbito en el que actu\u00f3.<\/p>\n<p class=\"Texto-general\">El 4 de julio de 1927 naci\u00f3 en el Hospital Mixto de la capital santiague\u00f1a, ciudad donde vivi\u00f3 hasta los 7 a\u00f1os antes que su madre decidiera mudarse al campo. All\u00ed convivi\u00f3 con sus abuelos y continu\u00f3 la escuela aunque sin terminarla. La falta de trabajo hizo que la familia se desplazara a la Ciudad de Buenos Aires como parte de los fen\u00f3menos migratorios de la \u00e9poca.<\/p>\n<p class=\"Texto-general\">En la Ciudad tom\u00f3 contacto con la pol\u00edtica y las causas justas en defensa de la democracia hasta que en 1945 se afili\u00f3 a la Federaci\u00f3n Juvenil Comunista. Por esos a\u00f1os constituy\u00f3 la Asociaci\u00f3n Festiva del Once, \u00e1mbito destinado a conglomerar a vecinos y obreros del barrio.<\/p>\n<p class=\"Texto-general\">El movimiento obrero fue su lugar natural de lucha. Desde joven empez\u00f3 a trabajar haciendo mandados para una casa de modelos de sombreros. Como quer\u00eda aprender un oficio, se postul\u00f3 en una sastrer\u00eda como cadete para empezar a tomar conocimiento de la rama. Sus discusiones con los patrones hicieron que no durara mucho tiempo. M\u00e1s tarde ingres\u00f3 como aprendiz en una f\u00e1brica de billeteras hasta que le toc\u00f3 ingresar a la Marina en el marco de la colimba. Para entonces ya era Secretario de la Juventud Comunista de Once.<\/p>\n<p class=\"Texto-general\">Dos a\u00f1os despu\u00e9s retom\u00f3 el trabajo con otros peque\u00f1os pasos en la construcci\u00f3n y en una electromec\u00e1nica, empresas de las que fue despedido por su condici\u00f3n ideol\u00f3gica manifiesta durante algunas protestas y la organizaci\u00f3n que promov\u00eda. Para entonces la tortura y las detenciones en la c\u00e1rcel de Devoto se volvieron comunes. Pese a los antecedentes, logr\u00f3 ingresar como maquinista a la f\u00e1brica de Alpargatas donde funcionaba una c\u00e9lula de Partido. All\u00ed experiment\u00f3 la lucha conjunta con peronistas, destac\u00e1ndose una gran movilizaci\u00f3n por el barrio de Barracas por aumentos salariales. C\u00e1rcel y despido volvi\u00f3 a ser el factor com\u00fan.<\/p>\n<p class=\"Texto-general\">El golpe militar de 1955 lo agarr\u00f3 desempe\u00f1ando labores en el taller metal\u00fargico Lombardi Hermanos y ya afiliado al Partido Comunista. Junto a los obreros lograron sostener un paro por tres d\u00edas con m\u00e1s de 300 trabajadores movilizados y que termin\u00f3 con Ra\u00fal amenazado de muerte a punta de arma. Para \u00e9l, \u201cel ejemplo del militante vale mucho\u201d y depositaba en esta premisa la clave para la organizaci\u00f3n obrera.<\/p>\n<p class=\"Texto-general\">En la empresa gr\u00e1fica Fabril Financiera aprendi\u00f3 el oficio y en 1967 ingres\u00f3 al gremio gr\u00e1fico. Particip\u00f3 de los debates de los que surgiera la CGT de los Argentinos y se aferr\u00f3 a la pol\u00edtica del sindicalismo de liberaci\u00f3n que promov\u00edan Agust\u00edn Tosco y Raimundo Ongaro.<\/p>\n<p class=\"Texto-general\">Estudi\u00f3 en la URSS en los a\u00f1os 70 junto a otros camaradas y de regreso en nuestro pa\u00eds luch\u00f3 contra la intervenci\u00f3n del sindicato gr\u00e1fico durante la dictadura militar.<\/p>\n<p class=\"Texto-general\">No estuvo exento de los debates partidarios frente a las intentonas liquidacionistas cuando era Secretario de la seccional San Telmo. All\u00ed conoci\u00f3 a Jorge Pereyra, con quien estrech\u00f3 una relaci\u00f3n militante acompa\u00f1\u00e1ndolo junto a otros veteranos en la fundaci\u00f3n de nuestro PCCE.<\/p>\n<p class=\"Texto-general\">Reconoc\u00eda en el Partido su capacidad organizativa y su fortaleza ideol\u00f3gica, elementos que pudo poner en valor tanto en la Federaci\u00f3n Gr\u00e1fica Bonaerense como en la Asociaci\u00f3n Vecinal Parque Lezama donde desarroll\u00f3 actividades sindicales y territoriales respectivamente hasta la fecha.<\/p>\n<p class=\"Texto-general\">Particip\u00f3 de la fundaci\u00f3n de Radio Gr\u00e1fica en 2005 donde condujo primero\u00a0<span class=\"CharOverride-13\">A toda vela<\/span>\u00a0y\u00a0<span class=\"CharOverride-13\">Dicho y Hecho<\/span>\u00a0despu\u00e9s, audici\u00f3n en la que pudo sintetizar la l\u00ednea del Partido y ofrecer una salida para lograr una Patria liberada.<\/p>\n<p class=\"Texto-general\">Memorables ser\u00e1n sus intervenciones en cada plenario como su contundencia para vender el peri\u00f3dico del Partido. Enamorado de su familia, apasionado del tango, del folclore e hincha de V\u00e9lez. Testarudo, persistente, consecuente y compa\u00f1ero. Todo eso constituy\u00f3 a Ra\u00fal Romano en una persona entra\u00f1able y en un militante comunista que hasta sus \u00faltimos d\u00edas no descans\u00f3.<\/p>\n<p class=\"Texto-general\">Como dice el poema del compa\u00f1ero Lucas Ya\u00f1ez le\u00eddo en su despedida:\u00a0<span class=\"CharOverride-13\">\u201cSeguro que me lo cruzo en la calle \/ Paso lento, pero firme. \/ Un poco bamboleante, \/ como viejo barco amarrado al Riachuelo. \/ El bolsito cruzado, en bandolera, \/ con su agenda, \/ un par de biromes y varios \/ peri\u00f3dicos del Partido\u201d.<\/span>\u00a0El camarada Pablo Pereyra, secretario del PCCE, record\u00f3 que \u201cRa\u00fal fue de la camada de las cabezas blancas que sostuvo las banderas cuando la ca\u00edda de la Uni\u00f3n Sovi\u00e9tica impon\u00eda el discurso del fin de la historia, cuando sostener la esperanza era casi una obligaci\u00f3n. Hoy, con un proyecto nacional y popular alternativo al neoliberal, como el que inici\u00f3 N\u00e9stor y continu\u00f3 Cristina, es m\u00e1s simple sostener esa esperanza. Pero cuando lo hizo la generaci\u00f3n de compa\u00f1erxs hist\u00f3ricos como Raul no lo era\u201d.<\/p>\n<p class=\"Texto-general\">\u00a1Hasta la victoria, siempre!<\/p>\n","protected":false},"excerpt":{"rendered":"<p>\u00a1HASTA LA VICTORIA SIEMPRE RA\u00daL! Un comunista de verdad Ya de pibe, en las escuelas rurales del Departamento de Sil\u00edpica en la provincia de Santiago del Estero, Ra\u00fal se vio encandilado por las gestas libertadoras encabezadas por San Mart\u00edn, Moreno y Belgrano. Ideas revolucionarias que hasta su \u00faltimo d\u00eda de vida supo encarnar en su [&hellip;]<\/p>\n","protected":false},"author":1,"featured_media":6937,"comment_status":"closed","ping_status":"closed","sticky":false,"template":"","format":"standard","meta":{"tdm_status":"","tdm_grid_status":"","footnotes":""},"categories":[4,40],"tags":[],"class_list":["post-6927","post","type-post","status-publish","format-standard","has-post-thumbnail","hentry","category-featured","category-historia-del-pcce"],"_links":{"self":[{"href":"https:\/\/pcce.com.ar\/pcce\/wp-json\/wp\/v2\/posts\/6927","targetHints":{"allow":["GET"]}}],"collection":[{"href":"https:\/\/pcce.com.ar\/pcce\/wp-json\/wp\/v2\/posts"}],"about":[{"href":"https:\/\/pcce.com.ar\/pcce\/wp-json\/wp\/v2\/types\/post"}],"author":[{"embeddable":true,"href":"https:\/\/pcce.com.ar\/pcce\/wp-json\/wp\/v2\/users\/1"}],"replies":[{"embeddable":true,"href":"https:\/\/pcce.com.ar\/pcce\/wp-json\/wp\/v2\/comments?post=6927"}],"version-history":[{"count":0,"href":"https:\/\/pcce.com.ar\/pcce\/wp-json\/wp\/v2\/posts\/6927\/revisions"}],"wp:featuredmedia":[{"embeddable":true,"href":"https:\/\/pcce.com.ar\/pcce\/wp-json\/wp\/v2\/media\/6937"}],"wp:attachment":[{"href":"https:\/\/pcce.com.ar\/pcce\/wp-json\/wp\/v2\/media?parent=6927"}],"wp:term":[{"taxonomy":"category","embeddable":true,"href":"https:\/\/pcce.com.ar\/pcce\/wp-json\/wp\/v2\/categories?post=6927"},{"taxonomy":"post_tag","embeddable":true,"href":"https:\/\/pcce.com.ar\/pcce\/wp-json\/wp\/v2\/tags?post=6927"}],"curies":[{"name":"wp","href":"https:\/\/api.w.org\/{rel}","templated":true}]}}