{"id":6936,"date":"2022-11-25T00:11:49","date_gmt":"2022-11-25T03:11:49","guid":{"rendered":"https:\/\/pcce.com.ar\/pcce\/?p=6936"},"modified":"2022-11-25T00:11:49","modified_gmt":"2022-11-25T03:11:49","slug":"un-simbolo-de-la-lucha-de-nuestro-pueblo-hasta-la-victoria-siempre-hebe","status":"publish","type":"post","link":"https:\/\/pcce.com.ar\/pcce\/2022\/11\/25\/un-simbolo-de-la-lucha-de-nuestro-pueblo-hasta-la-victoria-siempre-hebe\/","title":{"rendered":"UN S\u00cdMBOLO DE LA LUCHA DE NUESTRO PUEBLO: \u00a1Hasta la victoria siempre, Hebe!"},"content":{"rendered":"<div id=\"_idContainer134\" class=\"Marco-de-texto-b-sico\">\n<div id=\"_idContainer137\" class=\"Marco-de-texto-b-sico\">\n<h4 class=\"P-rrafo-b-sico\"><span class=\"Mayuscula CharOverride-6\">UN S\u00cdMBOLO DE LA LUCHA DE NUESTRO PUEBLO<\/span><\/h4>\n<\/div>\n<div id=\"_idContainer138\" class=\"Marco-de-texto-b-sico\">\n<h1 class=\"P-rrafo-b-sico ParaOverride-4\"><span class=\"CharOverride-31\">\u00a1Hasta la victoria siempre, Hebe!<\/span><\/h1>\n<\/div>\n<p class=\"Capitular---texto-gral\"><span class=\"_idGenDropcap-1\">H<\/span>ebe cambi\u00f3 de casa, como ella dec\u00eda de sus compa\u00f1eras que la precedieron en la partida. Naci\u00f3 el 4 de diciembre de 1928 en una casa humilde en El Dique, un barrio obrero de Ensenada. En 1977 un grupo de polic\u00edas secuestr\u00f3 a su hijo Jorge, meses despu\u00e9s al segundo, Ra\u00fal, y m\u00e1s tarde a la esposa de Jorge, Mar\u00eda Elena. Los tres desaparecieron. \u201cHasta que se llevaron a mi hijo mayor yo era Kika Pastor. En el mismo momento en que desaparece me convierto en Hebe de Bonafini\u201d, explic\u00f3 Hebe. A partir de ese momento viaj\u00f3 desde La Plata hasta la Ciudad de Buenos Aires cada jueves para hacer las rondas que empezaron catorce mujeres una tarde de abril. Todos los jueves, en dictadura y en democracia, con fr\u00edo, lluvia o sol, los pa\u00f1uelos blancos se erigieron como baluartes de lucha y resistencia contra la dictadura m\u00e1s sangrienta que conoci\u00f3 nuestro pa\u00eds. En 1979, esas Madres con las que comparte la ronda, la elegir\u00e1n Presidenta de la Asociaci\u00f3n.<\/p>\n<p class=\"Texto-general\">En los primeros a\u00f1os de la d\u00e9cada del 80, durante el Juicio a la Juntas, se emplazaba en Tribunales para nombrar con un meg\u00e1fono los nombres de los m\u00e1s de 1000 represores que se conoc\u00edan hasta ese momento. Durante el gobierno de Alfons\u00edn, Hebe intent\u00f3 entrevistarse con el entonces presidente, quien nunca accedi\u00f3 a recibirla. Tiempo despu\u00e9s, ella se neg\u00f3 a darle la mano porque \u201ccon esa mano firm\u00f3 la ley de Obediencia Debida y Punto Final, que permiti\u00f3 que los genocidas est\u00e9n en la calle el tiempo que quieran\u201d, explic\u00f3.<\/p>\n<p class=\"Capitular\">Durante los 90 tambi\u00e9n se enfrent\u00f3 al gobierno de Menem. Estuvo hasta en Cutral C\u00f3, en las primeras puebladas. Y en cada una de las marchas y luchas de esos a\u00f1os. Siempre poniendo el cuerpo y llamando a la movilizaci\u00f3n. En ese entonces dijo que el presidente Carlos Sa\u00fal Menem era una \u201cbasura\u201d. Por esa expresi\u00f3n, el mandatario le meti\u00f3 una denuncia por desacato. Cuando reinaba la impunidad y las pol\u00edticas neoliberales en Latinoam\u00e9rica, Hebe levant\u00f3 las banderas de la lucha contra ese modelo excluyente y letal para los humildes y los trabajadores. En diciembre de 2001, la encontramos nuevamente en la Plaza enfrentando a la polic\u00eda montada durante la represi\u00f3n. Una barrera de mujeres de pa\u00f1uelos blancos con los brazos enlazados cantaba: \u201cLa plaza es de la Madres y no de los cobardes\u201d, frente a los polic\u00edas embravecidos que golpeaban con bastones desde arriba de los caballos. Anteriormente, ese mismo a\u00f1o, hab\u00edan atacado a su hija Mar\u00eda Alejandra.<\/p>\n<p class=\"Capitular\">Durante el gobierno de Mauricio Macri el juez Marcelo Mart\u00ednez de Giorgi libr\u00f3 una orden de detenci\u00f3n para Hebe y la declar\u00f3 pr\u00f3fuga. Apenas se conoci\u00f3 la noticia, una multitud se instal\u00f3 en la sede de la Asociaci\u00f3n, frente a Plaza Congreso, para protegerla e impedir el arresto.<\/p>\n<p class=\"Capitular\">Durante los primeros 20 a\u00f1os de la vuelta a la democracia, las demandas de Memoria, Verdad y Justicia fueron deso\u00eddas y rechazadas por los gobiernos de turno que apostaron a tapar el pasado con falsas teor\u00edas y propuestas de reconciliaci\u00f3n. Hasta que N\u00e9stor asumi\u00f3 la Presidencia en 2003 y, no solo recibi\u00f3 a las Madres de Plaza de Mayo, junto con Cristina, sino que las asumi\u00f3 como Madres de todos los argentinos. Puso fin a las leyes de impunidad y olvido y dio impulso a los juicios a los genocidas que a\u00fan contin\u00faa, pese al tiempo transcurrido. Fue un cambio rotundo en las pol\u00edticas de Estado sobre el genocidio de la dictadura y los derechos humanos.<\/p>\n<p class=\"Capitular\">Cuando N\u00e9stor Kirchner lleg\u00f3 a la Casa Rosada, pens\u00f3 que era \u201cla misma mierda con distinto olor\u201d. Al tiempo lo vio, se disculp\u00f3 y se entusiasm\u00f3 con el proyecto de pa\u00eds que representaban N\u00e9stor y Cristina Kirchner: \u201cYa no tenemos un enemigo en la Casa Rosada\u201d. Hebe y las Madres de Plaza de Mayo son un faro en la lucha por los Derechos Humanos, pero tambi\u00e9n por la dignidad de las y los trabajadores. Hebe supo hilvanar su lucha y la de sus hijos con la resistencia y lucha contra el modelo neoliberal y apoyar un modelo inclusivo y de soberan\u00eda nacional como el iniciado por N\u00e9stor y continuado por Cristina.<\/p>\n<p class=\"Capitular\">Ante la muerte de Fidel, y reflexionando sobre su estatura hist\u00f3rica, Hebe manifest\u00f3 que \u201clos indispensables nunca mueren\u201d. Hoy afirmamos lo mismo de ella, una indispensable fuente de orgullo para nuestro pueblo.<\/p>\n<\/div>\n<div class=\"_idGenObjectLayout-1\">\n<div id=\"_idContainer135\" class=\"_idGenObjectStyleOverride-1\"><img decoding=\"async\" class=\"_idGenObjectAttribute-1\" src=\"NP_392-web-resources\/image\/PIE_PCCE.png\" alt=\"\" \/><\/div>\n<\/div>\n","protected":false},"excerpt":{"rendered":"<p>UN S\u00cdMBOLO DE LA LUCHA DE NUESTRO PUEBLO \u00a1Hasta la victoria siempre, Hebe! Hebe cambi\u00f3 de casa, como ella dec\u00eda de sus compa\u00f1eras que la precedieron en la partida. Naci\u00f3 el 4 de diciembre de 1928 en una casa humilde en El Dique, un barrio obrero de Ensenada. En 1977 un grupo de polic\u00edas secuestr\u00f3 [&hellip;]<\/p>\n","protected":false},"author":1,"featured_media":6938,"comment_status":"closed","ping_status":"closed","sticky":false,"template":"","format":"standard","meta":{"tdm_status":"","tdm_grid_status":"","footnotes":""},"categories":[17,4],"tags":[],"class_list":["post-6936","post","type-post","status-publish","format-standard","has-post-thumbnail","hentry","category-contratapa","category-featured"],"_links":{"self":[{"href":"https:\/\/pcce.com.ar\/pcce\/wp-json\/wp\/v2\/posts\/6936","targetHints":{"allow":["GET"]}}],"collection":[{"href":"https:\/\/pcce.com.ar\/pcce\/wp-json\/wp\/v2\/posts"}],"about":[{"href":"https:\/\/pcce.com.ar\/pcce\/wp-json\/wp\/v2\/types\/post"}],"author":[{"embeddable":true,"href":"https:\/\/pcce.com.ar\/pcce\/wp-json\/wp\/v2\/users\/1"}],"replies":[{"embeddable":true,"href":"https:\/\/pcce.com.ar\/pcce\/wp-json\/wp\/v2\/comments?post=6936"}],"version-history":[{"count":0,"href":"https:\/\/pcce.com.ar\/pcce\/wp-json\/wp\/v2\/posts\/6936\/revisions"}],"wp:featuredmedia":[{"embeddable":true,"href":"https:\/\/pcce.com.ar\/pcce\/wp-json\/wp\/v2\/media\/6938"}],"wp:attachment":[{"href":"https:\/\/pcce.com.ar\/pcce\/wp-json\/wp\/v2\/media?parent=6936"}],"wp:term":[{"taxonomy":"category","embeddable":true,"href":"https:\/\/pcce.com.ar\/pcce\/wp-json\/wp\/v2\/categories?post=6936"},{"taxonomy":"post_tag","embeddable":true,"href":"https:\/\/pcce.com.ar\/pcce\/wp-json\/wp\/v2\/tags?post=6936"}],"curies":[{"name":"wp","href":"https:\/\/api.w.org\/{rel}","templated":true}]}}