{"id":6954,"date":"2022-12-23T23:44:11","date_gmt":"2022-12-24T02:44:11","guid":{"rendered":"https:\/\/pcce.com.ar\/pcce\/?p=6954"},"modified":"2022-12-23T23:44:11","modified_gmt":"2022-12-24T02:44:11","slug":"caba-el-chepu-celebro-su-tercer-aniversario","status":"publish","type":"post","link":"https:\/\/pcce.com.ar\/pcce\/2022\/12\/23\/caba-el-chepu-celebro-su-tercer-aniversario\/","title":{"rendered":"CABA:  \u201cEl Chepu\u201d celebr\u00f3 su tercer aniversario"},"content":{"rendered":"<h4 class=\"p1\"><span class=\"s1\">CABA<\/span><\/h4>\n<h1 class=\"p1\"><span class=\"s1\">\u201cEl Chepu\u201d celebr\u00f3 su tercer aniversario<\/span><\/h1>\n<p class=\"p1\"><span class=\"s1\">El pasado s\u00e1bado 17 de diciembre, en la previa de la final mundialista, el Centro Cultural Che Pugliese festej\u00f3 junto a vecinos y artistas su tercer aniversario en el barrio porte\u00f1o de Villa Mitre. Ya a partir de las 18 hs. se cort\u00f3 la calle Tres Arroyos para que los vecinos puedan ir acerc\u00e1ndose a disfrutar del evento al aire libre. <\/span><\/p>\n<p class=\"p1\"><span class=\"s1\">Es necesario visualizar que en el marco de la persecuci\u00f3n y condena de los jueces del lawfare contra Cristina Kirchner, el Che Pugliese se mantiene como una trinchera de ideas del Partido en el distrito, desde donde salir a disputar la calle para seguir trabajando por un proyecto nacional y popular aportando desde nuestra identidad y pensamiento comunista.<\/span><\/p>\n<p class=\"p1\"><span class=\"s1\">Resultado de ese trabajo constante fueron las expresiones art\u00edsticas y convocatoria que tuvo el festejo. Primero pudimos disfrutar de bailes de nuestro folclore nacional a cargo de Lorena Nader y el grupo de alumnos y alumnas que expusieron todo lo trabajado durante el a\u00f1o en los talleres realizados en \u2018el Chepu\u2019. <\/span><\/p>\n<p class=\"p1\"><span class=\"s1\">Luego Daniel Fiorentino, V\u00edctor Lasear y Mariano Escobar nos regalaron unos temas de tango para cantar y bailar. Continuamos escuchando la Carta de un Bengal\u00ed, quien nos hablaba del car\u00e1cter revolucionario de Diego Maradona y su f\u00fatbol, explic\u00e1ndonos un poco todo eso que vimos en India y Bangladesh con respecto a la selecci\u00f3n nacional durante este mes de Mundial, \u201cun fuerte sentimiento de identidad proletaria; pol\u00edtica, arte y liberaci\u00f3n\u201d.<\/span><\/p>\n<p class=\"p1\"><span class=\"s1\">Adem\u00e1s, escuchamos el balance de Flavia Pandolfi, profesora a cargo de los Talleres Comunitarios de Educaci\u00f3n Sexual Integral que se llevaron a cabo durante este a\u00f1o en el centro cultural y anunciando un poco de lo que se viene para el 2023.<\/span><\/p>\n<p class=\"p1\"><span class=\"s1\">Por \u00faltimo, disfrutamos de la m\u00fasica de Miguel Palma y Navegantes, repertorio basado entre otras ideas, en nuestros grandes h\u00e9roes nacionales, a veces desmerecidos, y en todo lo que rodea y hace al barrio. <\/span><\/p>\n<p class=\"p1\"><span class=\"s1\">Con una noche rodeada de vecinxs, amigxs del Partido y compa\u00f1erxs, cerramos un a\u00f1o de mucho trabajo que nos ampl\u00eda a\u00fan m\u00e1s las perspectivas de crecimiento al calor de la lucha por alcanzar esa mujer y hombre nuevo por los que el Che y don Osvaldo dejaron la vida. <\/span><\/p>\n","protected":false},"excerpt":{"rendered":"<p>CABA \u201cEl Chepu\u201d celebr\u00f3 su tercer aniversario El pasado s\u00e1bado 17 de diciembre, en la previa de la final mundialista, el Centro Cultural Che Pugliese festej\u00f3 junto a vecinos y artistas su tercer aniversario en el barrio porte\u00f1o de Villa Mitre. Ya a partir de las 18 hs. se cort\u00f3 la calle Tres Arroyos para [&hellip;]<\/p>\n","protected":false},"author":1,"featured_media":6964,"comment_status":"closed","ping_status":"closed","sticky":false,"template":"","format":"standard","meta":{"tdm_status":"","tdm_grid_status":"","footnotes":""},"categories":[4,9],"tags":[],"class_list":["post-6954","post","type-post","status-publish","format-standard","has-post-thumbnail","hentry","category-featured","category-vidadepartido"],"_links":{"self":[{"href":"https:\/\/pcce.com.ar\/pcce\/wp-json\/wp\/v2\/posts\/6954","targetHints":{"allow":["GET"]}}],"collection":[{"href":"https:\/\/pcce.com.ar\/pcce\/wp-json\/wp\/v2\/posts"}],"about":[{"href":"https:\/\/pcce.com.ar\/pcce\/wp-json\/wp\/v2\/types\/post"}],"author":[{"embeddable":true,"href":"https:\/\/pcce.com.ar\/pcce\/wp-json\/wp\/v2\/users\/1"}],"replies":[{"embeddable":true,"href":"https:\/\/pcce.com.ar\/pcce\/wp-json\/wp\/v2\/comments?post=6954"}],"version-history":[{"count":0,"href":"https:\/\/pcce.com.ar\/pcce\/wp-json\/wp\/v2\/posts\/6954\/revisions"}],"wp:featuredmedia":[{"embeddable":true,"href":"https:\/\/pcce.com.ar\/pcce\/wp-json\/wp\/v2\/media\/6964"}],"wp:attachment":[{"href":"https:\/\/pcce.com.ar\/pcce\/wp-json\/wp\/v2\/media?parent=6954"}],"wp:term":[{"taxonomy":"category","embeddable":true,"href":"https:\/\/pcce.com.ar\/pcce\/wp-json\/wp\/v2\/categories?post=6954"},{"taxonomy":"post_tag","embeddable":true,"href":"https:\/\/pcce.com.ar\/pcce\/wp-json\/wp\/v2\/tags?post=6954"}],"curies":[{"name":"wp","href":"https:\/\/api.w.org\/{rel}","templated":true}]}}