{"id":7014,"date":"2023-03-31T01:01:50","date_gmt":"2023-03-31T04:01:50","guid":{"rendered":"https:\/\/pcce.com.ar\/pcce\/?p=7014"},"modified":"2023-03-31T01:01:50","modified_gmt":"2023-03-31T04:01:50","slug":"conferencias-de-cfk-hoy-y-siempre-coraje-y-amor-por-la-patria","status":"publish","type":"post","link":"https:\/\/pcce.com.ar\/pcce\/2023\/03\/31\/conferencias-de-cfk-hoy-y-siempre-coraje-y-amor-por-la-patria\/","title":{"rendered":"CONFERENCIAS DE CFK: \u201cHoy y siempre, \u00a1coraje y amor por la patria!\u201d"},"content":{"rendered":"<h4>CONFERENCIAS DE CFK<\/h4>\n<h1>\u201cHoy y siempre, \u00a1coraje y amor por la patria!\u201d<\/h1>\n<p class=\"p1\"><span class=\"s1\">En R\u00edo Negro, con motivo de la entrega de un doctorado honoris causa, Cristina habl\u00f3 del pacto democr\u00e1tico. Por una parte, se\u00f1al\u00f3 c\u00f3mo N\u00e9stor en el 2003 vino a reconstituir lo que ella denomina \u2018Estado constitucional democr\u00e1tico\u2019, d\u00f3nde las decisiones pol\u00edticas se toman en la Casa Rosada por los representantes electos democr\u00e1ticamente. Y es que con los gobiernos neoliberales el gobierno lo ejerc\u00edan otros, los \u2018poderes f\u00e1cticos\u2019. Los yanquis, en primer lugar, agregar\u00edamos nosotros. La crisis del 2001 fue el gran estallido de aquel modelo anti-popular. <\/span><\/p>\n<p class=\"p1\"><span class=\"s1\">Por otra parte, Cristina constat\u00f3 que hoy el \u2018Estado constitucional democr\u00e1tico\u2019 ya no existe: el lawfare y la persecuci\u00f3n judicial, los chats bochornosos y las reuniones conspirativas en Lago Escondido (espuria propiedad del colono ingl\u00e9s Lewis), las apedreadas en el despacho de CFK (casualmente, mientras se discut\u00eda el acuerdo con el FMI) y el intento de magnicidio, son algunos de los elementos que indican con claridad que el pacto democr\u00e1tico est\u00e1 roto. <\/span><\/p>\n<p class=\"p1\"><span class=\"s1\">Hoy, afirm\u00f3 Cristina, no solamente no tenemos un \u2018Estado constitucional democr\u00e1tico\u2019, sino que tampoco tenemos moneda. El problema de la econom\u00eda bimonetaria, sostiene la compa\u00f1era, nace con la dictadura, con la financiarizaci\u00f3n de la econom\u00eda. Ambos problemas est\u00e1n relacionados: tienen que destruir el pacto democr\u00e1tico para destruir la soberan\u00eda. Es lo que nosotros denominamos transnacionalizaci\u00f3n desnacionalizadora del capital, la forma actual del sistema capitalista. Y en este sentido, Cristina advirti\u00f3: la dolarizaci\u00f3n, que hoy algunos representantes de la derecha neoliberal pregonan, implicar\u00eda la disoluci\u00f3n de la \u2018clase media\u2019, o sea de los asalariados con salarios dignos.<\/span><\/p>\n<p class=\"p1\"><span class=\"s1\">Cristina explic\u00f3 que hoy nuestra econom\u00eda ya esta jaqueada por el acuerdo macrista con el Fondo Monetario Internacional. La necesidad imperiosa de reformular los t\u00e9rminos del mal acuerdo realizado por el gobierno de Alberto Fern\u00e1ndez fue uno de los \u00faltimos ejes de su discurso. Sintetizando, su consigna fue \u2018crecer para pagar\u2019. Nosotros, los comunistas, pensamos que este acuerdo es ilegal e ileg\u00edtimo, y que el pueblo argentino no tiene por qu\u00e9 pagarlo. Si lo quieren pagar, que lo paguen los que se llevaron la plata a los para\u00edsos fiscales. <\/span><\/p>\n<p class=\"p1\"><span class=\"s1\">La intervenci\u00f3n magistral concluy\u00f3 con un an\u00e1lisis acerca de la \u2018hegemon\u00eda democr\u00e1tica\u2019 y el \u2018consenso\u2019. El gobierno de Cristina ejerci\u00f3 una \u2018hegemon\u00eda democr\u00e1tica\u2019, una mayor\u00eda que logr\u00f3 imponerse por los votos y por los medios institucionales. Sin embargo, hoy no tenemos ni \u2018hegemon\u00eda democr\u00e1tica\u2019 ni \u2018consenso\u2019. De esta manera, Cristina finaliz\u00f3 llamando al di\u00e1logo y a la construcci\u00f3n de un consenso m\u00ednimo frente al problema de la deuda externa y la econom\u00eda bimonetaria. Evidentemente, la oposici\u00f3n neoliberal quiere un consenso sin Cristina. <\/span><\/p>\n<p class=\"p1\"><span class=\"s1\">Continuando su l\u00ednea de argumentaci\u00f3n Cristina habl\u00f3 en el CCK con motivo del encuentro del Grupo de Puebla. El eje de su intervenci\u00f3n fue el lawfare, en tanto nuevo m\u00e9todo del poder real para imponer sus intereses, de disciplinar a la \u2018clase pol\u00edtica\u2019. Por ello, la compa\u00f1era argument\u00f3 la necesidad de reformar los sistemas judiciales para garantizar la libertad de la voluntad popular y desarticular la persecuci\u00f3n del lawfare. Pero tambi\u00e9n para que \u2018no se lleven\u2019 nuestros recursos naturales. Adem\u00e1s, un elemento novedoso en su conferencia: es necesario un poder judicial popular para combatir el narcotr\u00e1fico. Pero a los verdaderos c\u00f3mplices y autores del narco, el sistema financiero que lava los millones de d\u00f3lares que el capital obtiene gracias a la venta de drogas.<\/span><\/p>\n<h4 class=\"p1\"><strong><span class=\"s1\">TEXTUALES CFK<\/span><\/strong><\/h4>\n<ul>\n<li class=\"p1\"><span class=\"s1\">\u00abSergio [Massa] hab\u00eda pronosticado que la econom\u00eda iba a crecer. Y yo dije \u2018claro que va a crecer, pero tenemos que alinear precios, salarios, tarifas y servicios\u2019 \u00bfPara qu\u00e9? Para que el crecimiento no se lo lleven cuatro vivos. Es lo que est\u00e1 pasando. Porque es cierto que hay crecimiento, es cierto que la econom\u00eda est\u00e1 creciendo y es cierto que se generan puestos de trabajo, pero son precarizados y de muy baja calidad, y de muy bajos salarios.\u00bb<\/span><\/li>\n<li class=\"p1\"><span class=\"s1\">\u00abLa pandemia fue terrible, la guerra tambi\u00e9n lo es, pero no hay cat\u00e1strofe m\u00e1s grande para la Rep\u00fablica Argentina que el endeudamiento que se produjo en el gobierno, en el per\u00edodo entre el 2015 y el 2019, esa es la verdad de la milanesa. \u00a1Cat\u00e1strofe!\u00bb<\/span><\/li>\n<li class=\"p1\"><span class=\"s1\">\u00abVinieron muchas cosas, la recuperaci\u00f3n de las AFJP, la recuperaci\u00f3n de nuestra petrolera de bandera, YPF, las pol\u00edticas sociales, sat\u00e9lites\u2026 Miren, y al mismo tiempo en toda la regi\u00f3n, los gobiernos de Rafael Correa en Ecuador con su Revoluci\u00f3n Ciudadana, Lula en Brasil con el PT, Evo Morales con el Movimiento Al Socialismo, Hugo Ch\u00e1vez en Venezuela, \u00a1querido Hugo! (&#8230;) No lo digo yo. Hay un libro de Thomas Piketty que dice que fue el momento donde m\u00e1s se redujo la desigualdad econ\u00f3mica y social en la regi\u00f3n. Esta es la clave.\u00bb<\/span><\/li>\n<li class=\"p1\"><span class=\"s1\">\u00ab\u00bfQu\u00e9 es el lawfare? Lo que el Partido Militar fue a los gobiernos populares del siglo XX de la primera mitad del Siglo XX en Am\u00e9rica Latina, el lawfare es a los gobiernos nacionales, populares y democr\u00e1ticos del Siglo XXI. Exactamente lo mismo.\u00bb<\/span><\/li>\n<li class=\"p1\"><span class=\"s1\">\u00abEs que como dijo alguien: \u2018se puede enga\u00f1ar a todos durante un tiempo y se puede enga\u00f1ar todo el tiempo a algunos, lo que no se puede es enga\u00f1ar a todos, todo el tiempo\u2019, y esto es lo que est\u00e1 pasando. Por eso, despu\u00e9s del 2015 comenzaron inmediatamente a montar un relato sobre \u2018se hab\u00edan robado un PBI\u2019. \u00a1Un PBI! \u00a1El PBI se lo llevaron ellos con el Fondo Monetario Internacional y todav\u00eda no sabemos a d\u00f3nde est\u00e1!\u00bb<\/span><\/li>\n<li class=\"p1\"><span class=\"s1\">\u00abNos quieren convencer que pelean contra el narcotr\u00e1fico porque est\u00e1n presos chicos o mujeres que andan en el narcomenudeo. No, no, no. Miren, si tenemos que luchar contra el narcotr\u00e1fico, primero tenemos que desarmar el sistema financiero que es el que lava la guita del narco, \u00a1el que lava la guita del narco!\u00bb<\/span><\/li>\n<\/ul>\n","protected":false},"excerpt":{"rendered":"<p>CONFERENCIAS DE CFK \u201cHoy y siempre, \u00a1coraje y amor por la patria!\u201d En R\u00edo Negro, con motivo de la entrega de un doctorado honoris causa, Cristina habl\u00f3 del pacto democr\u00e1tico. Por una parte, se\u00f1al\u00f3 c\u00f3mo N\u00e9stor en el 2003 vino a reconstituir lo que ella denomina \u2018Estado constitucional democr\u00e1tico\u2019, d\u00f3nde las decisiones pol\u00edticas se toman [&hellip;]<\/p>\n","protected":false},"author":1,"featured_media":7027,"comment_status":"closed","ping_status":"closed","sticky":false,"template":"","format":"standard","meta":{"tdm_status":"","tdm_grid_status":"","footnotes":""},"categories":[4,39],"tags":[],"class_list":["post-7014","post","type-post","status-publish","format-standard","has-post-thumbnail","hentry","category-featured","category-nota-central"],"_links":{"self":[{"href":"https:\/\/pcce.com.ar\/pcce\/wp-json\/wp\/v2\/posts\/7014","targetHints":{"allow":["GET"]}}],"collection":[{"href":"https:\/\/pcce.com.ar\/pcce\/wp-json\/wp\/v2\/posts"}],"about":[{"href":"https:\/\/pcce.com.ar\/pcce\/wp-json\/wp\/v2\/types\/post"}],"author":[{"embeddable":true,"href":"https:\/\/pcce.com.ar\/pcce\/wp-json\/wp\/v2\/users\/1"}],"replies":[{"embeddable":true,"href":"https:\/\/pcce.com.ar\/pcce\/wp-json\/wp\/v2\/comments?post=7014"}],"version-history":[{"count":0,"href":"https:\/\/pcce.com.ar\/pcce\/wp-json\/wp\/v2\/posts\/7014\/revisions"}],"wp:featuredmedia":[{"embeddable":true,"href":"https:\/\/pcce.com.ar\/pcce\/wp-json\/wp\/v2\/media\/7027"}],"wp:attachment":[{"href":"https:\/\/pcce.com.ar\/pcce\/wp-json\/wp\/v2\/media?parent=7014"}],"wp:term":[{"taxonomy":"category","embeddable":true,"href":"https:\/\/pcce.com.ar\/pcce\/wp-json\/wp\/v2\/categories?post=7014"},{"taxonomy":"post_tag","embeddable":true,"href":"https:\/\/pcce.com.ar\/pcce\/wp-json\/wp\/v2\/tags?post=7014"}],"curies":[{"name":"wp","href":"https:\/\/api.w.org\/{rel}","templated":true}]}}