{"id":7024,"date":"2023-03-31T01:01:31","date_gmt":"2023-03-31T04:01:31","guid":{"rendered":"https:\/\/pcce.com.ar\/pcce\/?p=7024"},"modified":"2023-03-31T01:01:31","modified_gmt":"2023-03-31T04:01:31","slug":"edesur-avanzar-a-la-estatizacion","status":"publish","type":"post","link":"https:\/\/pcce.com.ar\/pcce\/2023\/03\/31\/edesur-avanzar-a-la-estatizacion\/","title":{"rendered":"EDESUR: Avanzar a la estatizaci\u00f3n"},"content":{"rendered":"<h4>EDESUR<\/h4>\n<h1>Avanzar a la estatizaci\u00f3n<\/h1>\n<p class=\"p1\"><span class=\"s1\">Frente a los diversos y prolongados cortes de luz en el AMBA durante el \u00faltimo mes -y en una de las olas de calor m\u00e1s extremas en d\u00e9cadas-, el gobierno nacional decidi\u00f3 intervenir la empresa Edesur, un s\u00edmbolo de las privatizadas durante el menemato neoliberal. Desde el Ente Nacional de Regulaci\u00f3n de la Electricidad (ENRE) se advirti\u00f3 de la grave situaci\u00f3n producto de los cortes y de la necesidad de sostener la intervenci\u00f3n de la empresa por 180 d\u00edas. Al mismo tiempo, el gobierno nacional decidi\u00f3 denunciar penalmente a la privatizada y a sus directivos por abandono de personas, entre otros delitos. La operaci\u00f3n de la empresa, que deber\u00e1 controlar, fiscalizar, monitorear y agilizar mayores inversiones y reparaciones, qued\u00f3 a cargo del compa\u00f1ero Jorge Ferraresi, ingeniero de la UTN e intendente de Avellaneda.<\/span><\/p>\n<p class=\"p1\"><span class=\"s1\"><strong>UN POCO DE HISTORIA.<\/strong> Edesur es actualmente propiedad de la empresa italiana ENEL y fue creada luego de la destrucci\u00f3n y privatizaci\u00f3n de la estatal SEGBA en 1992, cuya concesi\u00f3n del servicio se le entreg\u00f3 de forma disparatada a los privados hasta el a\u00f1o 2087. Se cumpl\u00eda con la siniestra regla de aquel gobierno neoliberal que, en palabras del Ministro de Obras P\u00fablicas de entones, Roberto Dromi, dec\u00eda: \u201cNada de lo que deba ser estatal, permanecer\u00e1 en manos del Estado\u201d. As\u00ed, como Segba, fueron cayendo decenas de empresas a la ola privatista: Somisa (hoy Techint), YPF, ferrocarriles, Aerol\u00edneas, Astilleros, diversas ramas de Fabricaciones Militares, el Banco Hipotecario, entro otras.<\/span><\/p>\n<p class=\"p1\"><span class=\"s1\"><strong>POR LA ESTATIZACI\u00d3N.<\/strong> Si bien la intervenci\u00f3n de la empresa fue un paso inicial correcto, sobre todo teniendo en cuenta que es un servicio p\u00fablico escencial, la realidad es que la soluci\u00f3n de fondo solo puede pasar por su recuperaci\u00f3n por parte del Estado. D\u00e9cadas en manos privadas demostraron que, adem\u00e1s de funcionar mal, sus accionistas la utilizaron para ocultar sus balances y fugar divisas al exterior. Es falso el discurso empresarial y neoliberal de que la empresa funciona a p\u00e9rdida. Si esto fuera as\u00ed, ya se habr\u00edan ido del pa\u00eds hace d\u00e9cadas. La realidad es que cuando los gobiernos populares subsidiaban las tarifas el\u00e9ctricas, lo que hac\u00eda Edesur era obtener ganancias igual, no invertirlas como corresponde y fugar divisas; y cuando Macri les dolariz\u00f3 las tarifas mediante aumentos superiores al 3.000%, las ganancias pasaron a ser extraordinarias, la fuga se increment\u00f3 y la \u201cinversi\u00f3n\u201d sigui\u00f3 estancada. Por eso nos preocupan algunos planteos de que una estatizaci\u00f3n depende de lo que diga el Poder Judicial o la auditor\u00eda del ENRE. Estas dilaciones solo son funcionales al actual proceso de vaciamiento por parte de Edesur, cuya finalidad es entregarle la empresa en bandeja a alguna otra multinacional o incluso al entramado empresarial macrista de Nicol\u00e1s Caputo. Debemos aprender del error que se cometi\u00f3 con Vicentin y no gobernar en base a lo que el partido judicial nos deje o no nos deje hacer. Debemos luchar por una estatizaci\u00f3n de la empresa que busque limpiar tantos a\u00f1os de corrupci\u00f3n privada, con apertura de balances y costos, y con vistas a un sistema el\u00e9ctrico nacional eficiente y unificado en todas sus ramas: generaci\u00f3n, transmisi\u00f3n y distribuci\u00f3n.<\/span><\/p>\n<p class=\"p1\"><span class=\"s1\">Debemos luchar por una estatizaci\u00f3n de la empresa con vistas a un sistema el\u00e9ctrico nacional eficiente y unificado en todas sus ramas: generaci\u00f3n, transmisi\u00f3n y distribuci\u00f3n.<\/span><\/p>\n","protected":false},"excerpt":{"rendered":"<p>EDESUR Avanzar a la estatizaci\u00f3n Frente a los diversos y prolongados cortes de luz en el AMBA durante el \u00faltimo mes -y en una de las olas de calor m\u00e1s extremas en d\u00e9cadas-, el gobierno nacional decidi\u00f3 intervenir la empresa Edesur, un s\u00edmbolo de las privatizadas durante el menemato neoliberal. Desde el Ente Nacional de [&hellip;]<\/p>\n","protected":false},"author":1,"featured_media":7025,"comment_status":"closed","ping_status":"closed","sticky":false,"template":"","format":"standard","meta":{"tdm_status":"","tdm_grid_status":"","footnotes":""},"categories":[4,19],"tags":[],"class_list":["post-7024","post","type-post","status-publish","format-standard","has-post-thumbnail","hentry","category-featured","category-pagina2"],"_links":{"self":[{"href":"https:\/\/pcce.com.ar\/pcce\/wp-json\/wp\/v2\/posts\/7024","targetHints":{"allow":["GET"]}}],"collection":[{"href":"https:\/\/pcce.com.ar\/pcce\/wp-json\/wp\/v2\/posts"}],"about":[{"href":"https:\/\/pcce.com.ar\/pcce\/wp-json\/wp\/v2\/types\/post"}],"author":[{"embeddable":true,"href":"https:\/\/pcce.com.ar\/pcce\/wp-json\/wp\/v2\/users\/1"}],"replies":[{"embeddable":true,"href":"https:\/\/pcce.com.ar\/pcce\/wp-json\/wp\/v2\/comments?post=7024"}],"version-history":[{"count":0,"href":"https:\/\/pcce.com.ar\/pcce\/wp-json\/wp\/v2\/posts\/7024\/revisions"}],"wp:featuredmedia":[{"embeddable":true,"href":"https:\/\/pcce.com.ar\/pcce\/wp-json\/wp\/v2\/media\/7025"}],"wp:attachment":[{"href":"https:\/\/pcce.com.ar\/pcce\/wp-json\/wp\/v2\/media?parent=7024"}],"wp:term":[{"taxonomy":"category","embeddable":true,"href":"https:\/\/pcce.com.ar\/pcce\/wp-json\/wp\/v2\/categories?post=7024"},{"taxonomy":"post_tag","embeddable":true,"href":"https:\/\/pcce.com.ar\/pcce\/wp-json\/wp\/v2\/tags?post=7024"}],"curies":[{"name":"wp","href":"https:\/\/api.w.org\/{rel}","templated":true}]}}