{"id":733,"date":"2016-04-15T22:31:37","date_gmt":"2016-04-16T01:31:37","guid":{"rendered":"https:\/\/pcce.com.ar\/pcce\/?p=733"},"modified":"2016-04-15T22:52:22","modified_gmt":"2016-04-16T01:52:22","slug":"brasil-no-habra-golpe-sino-lucha","status":"publish","type":"post","link":"https:\/\/pcce.com.ar\/pcce\/2016\/04\/15\/brasil-no-habra-golpe-sino-lucha\/","title":{"rendered":"BRASIL: \u00a1No habr\u00e1 golpe, sino lucha!"},"content":{"rendered":"<div class=\"story\">\n<p class=\"basic-paragraph\"><span class=\"mayuscula\">BRASIL<\/span><\/p>\n<\/div>\n<div class=\"story\">\n<h1 class=\"basic-paragraph\">\u00a1No habr\u00e1 golpe,\u00a0sino lucha!<\/h1>\n<\/div>\n<div class=\"story\">\n<h4 class=\"copete-general\">Brasil enfrenta una conspiraci\u00f3n cada vez m\u00e1s expl\u00edcita para golpear la democracia, la cual se puso claramente de manifiesto con la salida del gobierno del Partido del Movimiento Democr\u00e1tico Brasile\u00f1o (PMDB).<\/h4>\n<\/div>\n<div class=\"image\">De un extremo al otro del mapa, se vienen sumando una cantidad impresionante de manifestantes en defensa de la democracia.<\/div>\n<div class=\"story\">\n<p class=\"capitular-texto-gral\">Ahora conspiran abiertamente, a la luz del d\u00eda, sin escr\u00fapulos, para desestabilizar a una presidenta leg\u00edtimamente electa\u201d, afirm\u00f3 Dilma. En duras declaraciones, manifest\u00f3 que la trama golpista tiene \u201cdos jefes\u201d, en referencia al presidente de la C\u00e1mara de Diputados, Eduardo Cunha, quien en diciembre pasado acept\u00f3 iniciar el tr\u00e1mite para un posible juicio con fines de destituci\u00f3n, y al vicepresidente Temer, contra quien tambi\u00e9n se aprob\u00f3 iniciar el proceso de impeachment. \u201cQued\u00f3 claro que existen dos jefes del golpe que act\u00faan en conjunto y de forma premeditada. Como muchos brasile\u00f1os, tom\u00e9 conocimiento y confieso que qued\u00e9 chocada con la desfachatez de la filtraci\u00f3n, que fue deliberada\u201d, afirm\u00f3, ante la filtraci\u00f3n de un audio con el discurso de Temer ensayado para asumir la presidencia luego del juicio pol\u00edtico que apartar\u00eda a Dilma de la gesti\u00f3n de gobierno.<\/p>\n<p class=\"texto-general\">La Comisi\u00f3n Especial de la C\u00e1mara de Diputados encargada de analizar el proceso de impeachment de la presidenta Dilma Rousseff est\u00e1 formada por 65 parlamentarios. Entre ellos, 16 est\u00e1n bajo investigaci\u00f3n por parte del Supremo Tribunal Federal (STF) por diversos cr\u00edmenes, la mayor\u00eda por corrupci\u00f3n. La C\u00e1mara de Diputados confirm\u00f3 que celebrar\u00e1 tres sesiones extraordinarias, entre viernes y domingo, para decidir si el tr\u00e1mite para un juicio pol\u00edtico contra la presidenta llega al Senado. El pleno de la C\u00e1mara baja deber\u00e1 votar el informe aprobado en la Comisi\u00f3n Especial. Si los diputados respaldan el dictamen de la comisi\u00f3n, el debate pasar\u00e1 a manos del Senado, cuyos 81 miembros deber\u00e1n decidir, por mayor\u00eda simple, si efectivamente se abre el juicio contra Dilma, quien, en ese caso, ser\u00eda separada del cargo durante los 180 d\u00edas que dure el proceso. D\u00edas atr\u00e1s la cuarta minor\u00eda legislativa, el Partido Progresista (con 49 diputados) anunci\u00f3 su alejamiento de la coalici\u00f3n del gobierno, complicando a\u00fan m\u00e1s la situaci\u00f3n de la presidenta.<\/p>\n<p class=\"texto-general\">Lula est\u00e1 recorriendo el pa\u00eds y, como un ministro sin cartera, mantiene conversaciones con todos los dirigentes para garantizar los 171 votos imprescindibles para repeler el intento destituyente en el Plenario. El retorno de Lula a los actos masivos se inici\u00f3 el 18 de marzo pasado en San Pablo cuando habl\u00f3 ante m\u00e1s de 100 mil personas, un d\u00eda despu\u00e9s de haber jurado como miembro del gabinete. Para la dirigencia opositora fue devastador observar la convocatoria del fundador del PT pocos d\u00edas despu\u00e9s de que A\u00e9cio Neves en un mitin opositor fuera echado mientras se le impidi\u00f3 subir al palco para hablar.<\/p>\n<p class=\"texto-general\">El dos veces presidente electo Lula se perfila como un fuerte candidato ya que lidera las preferencias del electorado con el 21 por ciento de intenciones de voto, de acuerdo con una encuesta de la consultora Datafolha publicada esta semana por Folha de San Pablo.<\/p>\n<p class=\"texto-general\">En el \u00faltimo mes, las iniciativas contra el golpe han proliferado y se han unido muchos sectores de la sociedad, con la participaci\u00f3n espont\u00e1nea de miles de personas, de los movimientos sociales, intelectuales y artistas. Incluso, sectores de izquierda que hist\u00f3ricamente fueron cr\u00edticos al gobierno se encuentran en las calles en defensa de la democracia. Tambi\u00e9n hubo una proliferaci\u00f3n de iniciativas de colectivos de la cultura, el cine, teatro, intelectuales y estudiantes de casi todas las universidades federales. De un extremo a otro del mapa, se vienen sumando una cantidad impresionante de manifestantes. Lo que ha sido una clara muestra de la capacidad de las organizaciones pol\u00edticas y movimientos sociales para dejar bien claro en las calles que hay una fuerte resistencia al intento de golpe institucional.<\/p>\n<\/div>\n","protected":false},"excerpt":{"rendered":"<p>BRASIL \u00a1No habr\u00e1 golpe,\u00a0sino lucha! Brasil enfrenta una conspiraci\u00f3n cada vez m\u00e1s expl\u00edcita para golpear la democracia, la cual se puso claramente de manifiesto con la salida del gobierno del Partido del Movimiento Democr\u00e1tico Brasile\u00f1o (PMDB). De un extremo al otro del mapa, se vienen sumando una cantidad impresionante de manifestantes en defensa de la [&hellip;]<\/p>\n","protected":false},"author":1,"featured_media":724,"comment_status":"closed","ping_status":"closed","sticky":false,"template":"","format":"standard","meta":{"tdm_status":"","tdm_grid_status":"","footnotes":""},"categories":[14,4],"tags":[],"class_list":["post-733","post","type-post","status-publish","format-standard","has-post-thumbnail","hentry","category-americalatinayelmundo","category-featured"],"_links":{"self":[{"href":"https:\/\/pcce.com.ar\/pcce\/wp-json\/wp\/v2\/posts\/733","targetHints":{"allow":["GET"]}}],"collection":[{"href":"https:\/\/pcce.com.ar\/pcce\/wp-json\/wp\/v2\/posts"}],"about":[{"href":"https:\/\/pcce.com.ar\/pcce\/wp-json\/wp\/v2\/types\/post"}],"author":[{"embeddable":true,"href":"https:\/\/pcce.com.ar\/pcce\/wp-json\/wp\/v2\/users\/1"}],"replies":[{"embeddable":true,"href":"https:\/\/pcce.com.ar\/pcce\/wp-json\/wp\/v2\/comments?post=733"}],"version-history":[{"count":0,"href":"https:\/\/pcce.com.ar\/pcce\/wp-json\/wp\/v2\/posts\/733\/revisions"}],"wp:featuredmedia":[{"embeddable":true,"href":"https:\/\/pcce.com.ar\/pcce\/wp-json\/wp\/v2\/media\/724"}],"wp:attachment":[{"href":"https:\/\/pcce.com.ar\/pcce\/wp-json\/wp\/v2\/media?parent=733"}],"wp:term":[{"taxonomy":"category","embeddable":true,"href":"https:\/\/pcce.com.ar\/pcce\/wp-json\/wp\/v2\/categories?post=733"},{"taxonomy":"post_tag","embeddable":true,"href":"https:\/\/pcce.com.ar\/pcce\/wp-json\/wp\/v2\/tags?post=733"}],"curies":[{"name":"wp","href":"https:\/\/api.w.org\/{rel}","templated":true}]}}