{"id":750,"date":"2016-04-15T22:23:06","date_gmt":"2016-04-16T01:23:06","guid":{"rendered":"https:\/\/pcce.com.ar\/pcce\/?p=750"},"modified":"2018-07-11T15:23:54","modified_gmt":"2018-07-11T18:23:54","slug":"plenario-en-la-plata-nuevas-tareas-nuevas-fuerzas","status":"publish","type":"post","link":"https:\/\/pcce.com.ar\/pcce\/2016\/04\/15\/plenario-en-la-plata-nuevas-tareas-nuevas-fuerzas\/","title":{"rendered":"PLENARIO EN LA PLATA: Nuevas tareas, nuevas fuerzas"},"content":{"rendered":"<div class=\"story\">\n<p class=\"basic-paragraph\"><span class=\"mayuscula\">PLENARIO EN LA PLATA<\/span><\/p>\n<\/div>\n<div class=\"story\">\n<p class=\"titulo-2\">Nuevas tareas, nuevas fuerzas<\/p>\n<\/div>\n<div class=\"story\">\n<p class=\"recuadro-letra-capitular\">En el hist\u00f3rico local de calle 49 se llev\u00f3 a cabo el pasado 9 de abril el plenario del PCCE del Regional La Plata, Berisso y Ensenada.<\/p>\n<p class=\"recuadro-letra\">Contando con la presencia de nuestro Secretario General, camarada Pablo Pereyra, y luego de la intervenci\u00f3n de apertura de Rodolfo M\u00f3dena, se debati\u00f3 la situaci\u00f3n nacional e internacional y las tareas del Partido en la regi\u00f3n.<\/p>\n<p class=\"recuadro-letra\">Con presencia mayoritariamente juvenil, se abord\u00f3 la pol\u00edtica frentista, nuestra militancia en el Frente para la Victoria, nuestra alianza estrat\u00e9gica con La C\u00e1mpora y nuestra adhesi\u00f3n al liderazgo de Cristina Fern\u00e1ndez de Kirchner como conductora del movimiento nacional y popular del que los comunistas formamos parte desde el 2003.<\/p>\n<p class=\"recuadro-letra\">Tambi\u00e9n se trat\u00f3 la pol\u00edtica de concentraci\u00f3n del Partido en la Universidad de La Plata y en la ciudad industrial de Ensenada, donde el compa\u00f1ero intendente Mario Secco lidera la construcci\u00f3n del espacio kirchnerista regional y la resistencia pol\u00edtica al neoliberalismo.<\/p>\n<p class=\"recuadro-letra\">Luego de las intervenciones de los compa\u00f1eros, Pablo Pereyra hizo el cierre de la reuni\u00f3n plante\u00e1ndola como una apertura a las tareas que tenemos por delante, bancando a Cristina y preparando al Partido para estar en las mejores condiciones posibles para contribuir a futuras victorias del campo nacional y popular.<\/p>\n<\/div>\n","protected":false},"excerpt":{"rendered":"<p>PLENARIO EN LA PLATA Nuevas tareas, nuevas fuerzas En el hist\u00f3rico local de calle 49 se llev\u00f3 a cabo el pasado 9 de abril el plenario del PCCE del Regional La Plata, Berisso y Ensenada. Contando con la presencia de nuestro Secretario General, camarada Pablo Pereyra, y luego de la intervenci\u00f3n de apertura de Rodolfo [&hellip;]<\/p>\n","protected":false},"author":1,"featured_media":737,"comment_status":"closed","ping_status":"closed","sticky":false,"template":"","format":"standard","meta":{"tdm_status":"","tdm_grid_status":"","footnotes":""},"categories":[9],"tags":[],"class_list":["post-750","post","type-post","status-publish","format-standard","has-post-thumbnail","hentry","category-vidadepartido"],"_links":{"self":[{"href":"https:\/\/pcce.com.ar\/pcce\/wp-json\/wp\/v2\/posts\/750","targetHints":{"allow":["GET"]}}],"collection":[{"href":"https:\/\/pcce.com.ar\/pcce\/wp-json\/wp\/v2\/posts"}],"about":[{"href":"https:\/\/pcce.com.ar\/pcce\/wp-json\/wp\/v2\/types\/post"}],"author":[{"embeddable":true,"href":"https:\/\/pcce.com.ar\/pcce\/wp-json\/wp\/v2\/users\/1"}],"replies":[{"embeddable":true,"href":"https:\/\/pcce.com.ar\/pcce\/wp-json\/wp\/v2\/comments?post=750"}],"version-history":[{"count":0,"href":"https:\/\/pcce.com.ar\/pcce\/wp-json\/wp\/v2\/posts\/750\/revisions"}],"wp:featuredmedia":[{"embeddable":true,"href":"https:\/\/pcce.com.ar\/pcce\/wp-json\/wp\/v2\/media\/737"}],"wp:attachment":[{"href":"https:\/\/pcce.com.ar\/pcce\/wp-json\/wp\/v2\/media?parent=750"}],"wp:term":[{"taxonomy":"category","embeddable":true,"href":"https:\/\/pcce.com.ar\/pcce\/wp-json\/wp\/v2\/categories?post=750"},{"taxonomy":"post_tag","embeddable":true,"href":"https:\/\/pcce.com.ar\/pcce\/wp-json\/wp\/v2\/tags?post=750"}],"curies":[{"name":"wp","href":"https:\/\/api.w.org\/{rel}","templated":true}]}}