{"id":788,"date":"2016-04-30T04:42:35","date_gmt":"2016-04-30T07:42:35","guid":{"rendered":"https:\/\/pcce.com.ar\/pcce\/?p=788"},"modified":"2016-04-30T06:15:34","modified_gmt":"2016-04-30T09:15:34","slug":"brasil-contra-el-golpe","status":"publish","type":"post","link":"https:\/\/pcce.com.ar\/pcce\/2016\/04\/30\/brasil-contra-el-golpe\/","title":{"rendered":"SE FORTALECE LA ORGANIZACI\u00d3N POPULAR: Contra el golpe"},"content":{"rendered":"<div class=\"story\">\n<p class=\"basic-paragraph\">SE FORTALECE LA ORGANIZACI\u00d3N POPULAR<\/p>\n<\/div>\n<div class=\"story\">\n<h1 class=\"basic-paragraph\">Contra el golpe<\/h1>\n<\/div>\n<div class=\"story\">\n<p class=\"copete-general\">Avanza el juicio pol\u00edtico contra Dilma y se fortalece la organizaci\u00f3n popular y aumentan las manifestaciones contra el golpe en Brasil.<\/p>\n<\/div>\n<div class=\"story\">\n<p class=\"basic-paragraph\">Finalmente, con el voto de 367 diputados se avanz\u00f3 en el impeachment contra la presidenta Dilma. El hecho sumerge en la inestabilidad al pa\u00eds m\u00e1s importante del continente y afecta directamente a toda Am\u00e9rica Latina. Pero, adem\u00e1s, la embestida se orienta contra los Brics, en un momento convulsionado de la econom\u00eda internacional, donde un bloque de pa\u00edses puja por el control del comercio global frente a los EE UU y la UE.<\/p>\n<\/div>\n<div class=\"story\">\n<p class=\"texto-general\">El imperialismo yanqui y las derechas nativas han logrado armar una estrategia para derrocar los gobiernos populares y progresistas en Am\u00e9rica Latina mediante los llamados golpes blandos. Est\u00e1 consolidada y se est\u00e1 poniendo a prueba. Machacar con el tema de la corrupci\u00f3n desde los monopolios medi\u00e1ticos, hacer de eso el tema de la agenda pol\u00edtica y transformarla en \u201cla cuesti\u00f3n nacional\u201d. Poner a los pol\u00edticos neoliberales, en casi todos los casos los m\u00e1s corruptos de la regi\u00f3n, a vociferar a los cuatro vientos la necesidad de terminar con el gobierno. Se le suma el accionar del poder judicial y luego, seg\u00fan las circunstancias, polic\u00edas locales y otros poderes f\u00e1cticos.<\/p>\n<p class=\"texto-general\">En Brasil, se est\u00e1 empleado este mecanismo con bastante \u00e9xito hasta el momento. As\u00ed es como se llega al hecho, casi par\u00f3dico, de que Cunha (PMDB), el pol\u00edtico m\u00e1s corrupto del pa\u00eds, est\u00e9 a la cabeza del pedido de juicio pol\u00edtico a una presidenta honesta. Un ejemplo sirve para ilustrar qui\u00e9nes son los que aprobaron el impeachment: de los 38 diputados que conformaban la Comisi\u00f3n especial para evaluar la acusaci\u00f3n, 35 tienen casos de corrupci\u00f3n por los que son investigados.<\/p>\n<p class=\"texto-general\">En las justificaciones de los votos, apenas se mencionaron los cr\u00edmenes por los que se acusa a Dilma. En un Congreso blanco, de adultos varones, de clase media alta y de estratos ricos de la sociedad, el racismo, la homofobia y la misoginia primaron por sobre cualquier argumento razonado. La religiosidad tambi\u00e9n estuvo a la orden del d\u00eda. Diputados que son autonombrados pastores anunciaron su voto favorable a la destituci\u00f3n \u201cporque estoy en contra de la educaci\u00f3n sexual de los ni\u00f1os en las escuelas p\u00fablicas\u201d, y porque era una forma de \u201cimpedir que ni\u00f1os decidan cambiar de sexo\u201d. Hubo adem\u00e1s espacio para saludos familiares, homenajes a esposos, esposas, madres, padres, hijos, abuelos y suegras. El diputado de extrema derecha Bolsonaro al votar por el S\u00ed reivindic\u00f3 la memoria de un conocido represor de la dictadura, Carlos Alberto Brilhante Ustra, quien fuera el torturador de la presidenta.<\/p>\n<p class=\"texto-general\">Los motivos del No fueron claros: Dilma es honesta, no rob\u00f3, no tiene empresas ni cuentas en el exterior, o sea que no hay delito. Y sin delito el juicio es un golpe.<\/p>\n<p class=\"texto-general\">La operaci\u00f3n tambi\u00e9n ha sido exitosa en cuanto a movilizar a una porci\u00f3n importante de las capas medias, mismos sectores que han engordado al calor de las pol\u00edticas del gobierno del PT durante los \u00faltimos 13 a\u00f1os. Pero estos segmentos sociales no son un universo homog\u00e9neo y politizado, m\u00e1s bien un grupo indignado y virulento que reacciona ante la gasolina que, d\u00eda a d\u00eda, esparcen los monopolios medi\u00e1ticos como el Grupo Globo. Es una muchedumbre que rechaza la pol\u00edtica y la organizaci\u00f3n porque cree firmemente que todo lo que se relaciona con la gesti\u00f3n de gobierno est\u00e1 sucio y contaminado. Su despolitizaci\u00f3n no s\u00f3lo juega en contra del gobierno de Dilma y el PT, sino tambi\u00e9n de la propia derecha que los usa para poner fin al proceso que Lula inici\u00f3 en el 2003.<\/p>\n<p class=\"texto-general\">Los pol\u00edticos de la derecha brasile\u00f1a, incluido el vicepresidente aspirante a conducir el gobierno, no tienen la m\u00e1s m\u00ednima legitimidad frente a las mayor\u00edas populares. La intenci\u00f3n de voto de Temer es menor al 2%. Con este nivel de impopularidad la clase dirigente tradicional de Brasil est\u00e1 conduciendo al pa\u00eds a una crisis pol\u00edtica mayor que la actual.<\/p>\n<p class=\"texto-general\">Por otro lado, las movilizaciones del PT, sus aliados, los trabajadores y diversos sectores sociales y culturales ponen en un nivel alto de resistencia a los sectores pol\u00edtica e ideol\u00f3gicamente m\u00e1s organizados. El m\u00fasculo social se ha fortalecido enormemente ante la embestida neoliberal y Lula sigue siendo un l\u00edder indiscutible, el \u00fanico capaz de despertar adhesi\u00f3n en las masas brasile\u00f1as.<\/p>\n<p class=\"texto-general\">\u00c9l ha afirmado que se dedicar\u00e1, por entero, a la lucha por la democracia en Brasil. Lucha que hoy significa, en primer lugar, la defensa del mandato de Dilma, conquistado con el voto mayoritario del pueblo, as\u00ed como, impedir que Temer pueda asumir y poner en pr\u00e1ctica el desguace del Estado brasile\u00f1o y de los derechos de los trabajadores.<\/p>\n<\/div>\n","protected":false},"excerpt":{"rendered":"<p>SE FORTALECE LA ORGANIZACI\u00d3N POPULAR Contra el golpe Avanza el juicio pol\u00edtico contra Dilma y se fortalece la organizaci\u00f3n popular y aumentan las manifestaciones contra el golpe en Brasil. Finalmente, con el voto de 367 diputados se avanz\u00f3 en el impeachment contra la presidenta Dilma. El hecho sumerge en la inestabilidad al pa\u00eds m\u00e1s importante [&hellip;]<\/p>\n","protected":false},"author":1,"featured_media":770,"comment_status":"closed","ping_status":"closed","sticky":false,"template":"","format":"standard","meta":{"tdm_status":"","tdm_grid_status":"","footnotes":""},"categories":[14,4],"tags":[],"class_list":["post-788","post","type-post","status-publish","format-standard","has-post-thumbnail","hentry","category-americalatinayelmundo","category-featured"],"_links":{"self":[{"href":"https:\/\/pcce.com.ar\/pcce\/wp-json\/wp\/v2\/posts\/788","targetHints":{"allow":["GET"]}}],"collection":[{"href":"https:\/\/pcce.com.ar\/pcce\/wp-json\/wp\/v2\/posts"}],"about":[{"href":"https:\/\/pcce.com.ar\/pcce\/wp-json\/wp\/v2\/types\/post"}],"author":[{"embeddable":true,"href":"https:\/\/pcce.com.ar\/pcce\/wp-json\/wp\/v2\/users\/1"}],"replies":[{"embeddable":true,"href":"https:\/\/pcce.com.ar\/pcce\/wp-json\/wp\/v2\/comments?post=788"}],"version-history":[{"count":0,"href":"https:\/\/pcce.com.ar\/pcce\/wp-json\/wp\/v2\/posts\/788\/revisions"}],"wp:featuredmedia":[{"embeddable":true,"href":"https:\/\/pcce.com.ar\/pcce\/wp-json\/wp\/v2\/media\/770"}],"wp:attachment":[{"href":"https:\/\/pcce.com.ar\/pcce\/wp-json\/wp\/v2\/media?parent=788"}],"wp:term":[{"taxonomy":"category","embeddable":true,"href":"https:\/\/pcce.com.ar\/pcce\/wp-json\/wp\/v2\/categories?post=788"},{"taxonomy":"post_tag","embeddable":true,"href":"https:\/\/pcce.com.ar\/pcce\/wp-json\/wp\/v2\/tags?post=788"}],"curies":[{"name":"wp","href":"https:\/\/api.w.org\/{rel}","templated":true}]}}