{"id":853,"date":"2016-05-16T04:37:13","date_gmt":"2016-05-16T07:37:13","guid":{"rendered":"https:\/\/pcce.com.ar\/pcce\/?p=853"},"modified":"2016-05-16T04:54:42","modified_gmt":"2016-05-16T07:54:42","slug":"brasil-democracia-o-neoliberalismo","status":"publish","type":"post","link":"https:\/\/pcce.com.ar\/pcce\/2016\/05\/16\/brasil-democracia-o-neoliberalismo\/","title":{"rendered":"BRASIL: Democracia o neoliberalismo"},"content":{"rendered":"<div class=\"story\">\n<p class=\"basic-paragraph\"><span class=\"mayuscula\">BRASIL<\/span><\/p>\n<\/div>\n<div class=\"story\">\n<h1 class=\"basic-paragraph\">Democracia\u00a0o neoliberalismo<\/h1>\n<\/div>\n<div class=\"story\">\n<p class=\"copete-general\">En Brasil se viven momentos cruciales. Avanza la derecha golpista con el juicio pol\u00edtico a Dilma y la resistencia del pueblo en defensa de la democracia y sus derechos.<\/p>\n<\/div>\n<div class=\"story\">\n<p class=\"capitular-texto-gral\">Al cierre de esta edici\u00f3n se estar\u00e1 definiendo la suerte del pueblo brasile\u00f1o y de Dilma como presidenta. Se definir\u00e1, adem\u00e1s, si se produce un quiebre de la democracia en Brasil y del proyecto progresista que llevan adelante los compa\u00f1eros Lula y Dilma y si una vez m\u00e1s la derecha se lleva puesta la voluntad popular a trav\u00e9s de un golpe.<\/p>\n<p class=\"texto-general\">El Plenario del Senado decidir\u00e1 en votaci\u00f3n si abre o no un juicio pol\u00edtico contra la mandataria del Partido de los Trabajadores (PT), quien en 2011 se convirti\u00f3 en la primera mujer en asumir la Presidencia de Brasil. La C\u00e1mara Alta podr\u00eda suspenderla de su cargo por seis meses y dar paso al gobierno Temer, el actual vicepresidente devenido en opositor. Temer presentar\u00e1 su propio proyecto de gobierno y su gabinete diametralmente opuesto al proyecto del PT. Representa la vuelta del neoliberalismo y de los sectores privilegiados, y es uno de los pol\u00edticos con menos adhesi\u00f3n en Brasil. Centenares de bloqueos en las rutas y avenidas de las principales ciudades de Brasil resisten la asonada golpista.<\/p>\n<p class=\"texto-general\">El presidente interino de la C\u00e1mara de Diputados de Brasil, Valdir Maranhao, decidi\u00f3 finalmente apoyar el proceso de destituci\u00f3n, horas despu\u00e9s de haber optado por lo contrario. Maranhao cambi\u00f3 despu\u00e9s de que su partido, el Partido Progresista (PP-MA), lo amenazara con expulsarlo. El legislador comunic\u00f3 el lunes a la noche su nueva postura en un escrito enviado al presidente del Senado en el que anuncia que deroga la anulaci\u00f3n del juicio pol\u00edtico a Dilma en la C\u00e1mara, aunque no explica este cambio.<\/p>\n<p class=\"texto-general\">Por su parte, la presidenta Dilma interpuso un recurso ante la Corte Suprema (que finalmente fue rechazado) para frenar el avance de apertura del juicio pol\u00edtico. El documento asegura que existi\u00f3 abuso de poder por parte del anterior presidente de la C\u00e1mara de Diputados, Eduardo Cunha, quien fue suspendido por el Supremo Tribunal. La acci\u00f3n del gobierno se basa precisamente en esa decisi\u00f3n de la m\u00e1xima instancia judicial del pa\u00eds, que alej\u00f3 del cargo al legislador y delincuente por entender que lo utiliz\u00f3 para interferir en las investigaciones que lo vinculan con la trama de corrupci\u00f3n que oper\u00f3 en la empresa estatal Petrobr\u00e1s.<\/p>\n<p class=\"texto-general\">Miles de personas protestan en al menos 20 estados de Brasil contra la apertura del juicio pol\u00edtico a la presidenta. Los manifestantes bloquearon avenidas y rutas en todo el pa\u00eds. En Brasilia, el llamado \u201cmuro del impeachment\u201d, un vallado de un kil\u00f3metro de largo que se extiende entre la Catedral y el Congreso, ya fue levantado para separar a los manifestantes favorables y contrarios a la presidenta.<\/p>\n<p class=\"texto-general\">Las protestas son organizadas por grupos de izquierda que hist\u00f3ricamente apoyaron al gobernante Partido de los Trabajadores (PT), como la Central \u00danica de Trabajadores (CUT), la Uni\u00f3n Nacional de Estudiantes (UNE) y el Movimiento de los Trabajadores Sin Tierra (MST).<\/p>\n<p class=\"texto-general\">El mi\u00e9rcoles pasado, Dilma les record\u00f3 a todos que el \u00faltimo d\u00eda de su mandato es el 31 de diciembre de 2018 y asegur\u00f3 que luchar\u00e1 contra el impeachment con \u201ctodos los medios disponibles\u201d. Al hablar en una conferencia sobre pol\u00edticas para las mujeres, frente a miles de fervientes simpatizantes indic\u00f3 que va a \u201cluchar [contra la destituci\u00f3n] con todas mis fuerzas, usando todos los medios disponibles, medios legales, medios de lucha\u201d. Adem\u00e1s afirm\u00f3: \u201cEstoy cansada de los desleales y los traidores\u201d, e identific\u00f3 como autores de un \u201cgolpe moderno\u201d al vicepresidente Michel Temer y al ex presidente de la C\u00e1mara de Diputados Eduardo Cunha. \u201cLos dos proporcionaron esta especie de golpe, un golpe realizado no con las armas, no con bayonetas, un golpe realizado rasgando nuestra Constituci\u00f3n\u201d, denunci\u00f3.<\/p>\n<\/div>\n","protected":false},"excerpt":{"rendered":"<p>BRASIL Democracia\u00a0o neoliberalismo En Brasil se viven momentos cruciales. Avanza la derecha golpista con el juicio pol\u00edtico a Dilma y la resistencia del pueblo en defensa de la democracia y sus derechos. Al cierre de esta edici\u00f3n se estar\u00e1 definiendo la suerte del pueblo brasile\u00f1o y de Dilma como presidenta. Se definir\u00e1, adem\u00e1s, si se [&hellip;]<\/p>\n","protected":false},"author":1,"featured_media":840,"comment_status":"closed","ping_status":"closed","sticky":false,"template":"","format":"standard","meta":{"tdm_status":"","tdm_grid_status":"","footnotes":""},"categories":[14,4],"tags":[],"class_list":["post-853","post","type-post","status-publish","format-standard","has-post-thumbnail","hentry","category-americalatinayelmundo","category-featured"],"_links":{"self":[{"href":"https:\/\/pcce.com.ar\/pcce\/wp-json\/wp\/v2\/posts\/853","targetHints":{"allow":["GET"]}}],"collection":[{"href":"https:\/\/pcce.com.ar\/pcce\/wp-json\/wp\/v2\/posts"}],"about":[{"href":"https:\/\/pcce.com.ar\/pcce\/wp-json\/wp\/v2\/types\/post"}],"author":[{"embeddable":true,"href":"https:\/\/pcce.com.ar\/pcce\/wp-json\/wp\/v2\/users\/1"}],"replies":[{"embeddable":true,"href":"https:\/\/pcce.com.ar\/pcce\/wp-json\/wp\/v2\/comments?post=853"}],"version-history":[{"count":0,"href":"https:\/\/pcce.com.ar\/pcce\/wp-json\/wp\/v2\/posts\/853\/revisions"}],"wp:featuredmedia":[{"embeddable":true,"href":"https:\/\/pcce.com.ar\/pcce\/wp-json\/wp\/v2\/media\/840"}],"wp:attachment":[{"href":"https:\/\/pcce.com.ar\/pcce\/wp-json\/wp\/v2\/media?parent=853"}],"wp:term":[{"taxonomy":"category","embeddable":true,"href":"https:\/\/pcce.com.ar\/pcce\/wp-json\/wp\/v2\/categories?post=853"},{"taxonomy":"post_tag","embeddable":true,"href":"https:\/\/pcce.com.ar\/pcce\/wp-json\/wp\/v2\/tags?post=853"}],"curies":[{"name":"wp","href":"https:\/\/api.w.org\/{rel}","templated":true}]}}