{"id":89,"date":"2016-02-09T14:26:36","date_gmt":"2016-02-09T17:26:36","guid":{"rendered":"http:\/\/td_uid_35_56ba214c284a3"},"modified":"2016-03-07T23:13:55","modified_gmt":"2016-03-08T02:13:55","slug":"td_d_slug_34","status":"publish","type":"post","link":"https:\/\/pcce.com.ar\/pcce\/2016\/02\/09\/td_d_slug_34\/","title":{"rendered":"Patrice Lumumba"},"content":{"rendered":"<div class=\"td-paragraph-padding-1\">\n<p><span style=\"font-family: Verdana;\">M\u00c1RTIR DE LA LIBERACI\u00d3N AFRICANA<\/span><\/p>\n<blockquote>\n<h1>Patrice Lumumba<span style=\"font-family: Verdana;\"><br \/>\n<\/span><\/h1>\n<\/blockquote>\n<p>Por Rodolfo G. M\u00f3dena<\/p>\n<p><span style=\"font-family: Tahoma;\">El 17 de enero de 1961, hace 55 a\u00f1os, era asesinado Patrice Lumumba, l\u00edder de la independencia congole\u00f1a, pr\u00f3cer y m\u00e1rtir de la liberaci\u00f3n africana. <\/span><\/p>\n<p>Patrice \u00c9mery Lumumba hab\u00eda nacido el 2 de julio de 1925 en el territorio africano ocupado por la colonialista B\u00e9lgica, conocido por entonces como el Congo Belga. De formaci\u00f3n cristiana y fuerte sentimiento patri\u00f3tico, en 1958 lidera la constituci\u00f3n del Movimiento Nacional Congol\u00e9s para la lucha por la independencia. El movimiento nacionalista es reprimido por las fuerzas belgas y Lumumba detenido en enero de 1960. Pero, entonces, B\u00e9lgica decide otorgar la Independencia a su colonia en una maniobra sorpresiva y tramposa que pretend\u00eda condicionar al naciente pa\u00eds desde su cuna.<\/p>\n<p><span style=\"font-family: Verdana;\">En tales circunstancias, y en el contexto de las crecientes luchas de los pueblos africanos y el proceso de descolonizaci\u00f3n abierto tras el fin de la Segunda Guerra Mundial y la creciente influencia de la Uni\u00f3n Sovi\u00e9tica y el campo socialista, el Movimiento Nacional Congol\u00e9s gana las elecciones de mayo de 1960 y Lumumba asume como Primer Ministro de la Rep\u00fablica Democr\u00e1tica del Congo el 24 de junio de ese a\u00f1o.<\/span><\/p>\n<p><span style=\"font-family: Verdana;\">Pero, inmediatamente, el nuevo gobierno enfrenta un movimiento separatista en la sure\u00f1a y rica provincia minera (cobre, cobalto, esta\u00f1o, uranio y diamantes) de Katanga, con apoyo de la CIA y la inteligencia belga. Entonces, Lumumba solicita apoyo militar a la Uni\u00f3n Sovi\u00e9tica, pero se precipita un Golpe de Estado orquestado por la CIA y el futuro dictador Mobutu lo desplaza del gobierno el 14 de setiembre de 1960.<\/span><\/p>\n<p><span style=\"font-family: Verdana;\">Lumumba resiste, pero es puesto bajo arresto domiciliario, logra fugarse para reorganizar la resistencia, pero es apresado y asesinado en presencia de agentes del espionaje belga y norteamericano (hecho reconocido a la postre por los propios gobiernos de B\u00e9lgica y EEUU).<\/span><\/p>\n<p><span style=\"font-family: Verdana;\">A prop\u00f3sito, dijo el Che en su memorable Discurso de Argel del 24 de febrero de 1965: \u201cEs la bestialidad imperialista, bestialidad que no tiene una frontera determinada, ni pertenece a un pa\u00eds determinado. Bestias fueron las hordas hitleristas, como bestias son los norteamericanos hoy, como bestias son los paracaidistas belgas, como bestias fueron los imperialistas franceses en Argelia\u201d (\u2026) \u201cAhora, en ese Congo tan lejano a nosotros y sin embargo tan presente, hay una historia que nosotros debemos conocer y una experiencia que nos debe de servir. El otro d\u00eda los paracaidistas belgas tomaron por asalto la ciudad de Stanleyville, masacraron una cantidad grande de ciudadanos, y como acto \u00faltimo, despu\u00e9s de haberlos ultimado bajo la estatua del pr\u00f3cer Lumumba, volaron la estatua del ex presidente del Congo. Y la estatua que recuerda a Lumumba, hoy destruida pero ma\u00f1ana reconstruida, nos recuerda tambi\u00e9n en la historia tr\u00e1gica de ese m\u00e1rtir de la revoluci\u00f3n del mundo, que no se puede confiar en el imperialismo, pero, ni tantito as\u00ed, \u00a1nada!\u201d<\/span><\/p>\n<\/div>\n","protected":false},"excerpt":{"rendered":"<p>M\u00c1RTIR DE LA LIBERACI\u00d3N AFRICANA Patrice Lumumba Por Rodolfo G. M\u00f3dena El 17 de enero de 1961, hace 55 a\u00f1os, era asesinado Patrice Lumumba, l\u00edder de la independencia congole\u00f1a, pr\u00f3cer y m\u00e1rtir de la liberaci\u00f3n africana. Patrice \u00c9mery Lumumba hab\u00eda nacido el 2 de julio de 1925 en el territorio africano ocupado por la colonialista [&hellip;]<\/p>\n","protected":false},"author":1,"featured_media":137,"comment_status":"open","ping_status":"closed","sticky":false,"template":"","format":"standard","meta":{"tdm_status":"","tdm_grid_status":"","footnotes":""},"categories":[7,11],"tags":[],"class_list":["post-89","post","type-post","status-publish","format-standard","has-post-thumbnail","hentry","category-nuestrapalabra","category-nuestrasraices"],"_links":{"self":[{"href":"https:\/\/pcce.com.ar\/pcce\/wp-json\/wp\/v2\/posts\/89","targetHints":{"allow":["GET"]}}],"collection":[{"href":"https:\/\/pcce.com.ar\/pcce\/wp-json\/wp\/v2\/posts"}],"about":[{"href":"https:\/\/pcce.com.ar\/pcce\/wp-json\/wp\/v2\/types\/post"}],"author":[{"embeddable":true,"href":"https:\/\/pcce.com.ar\/pcce\/wp-json\/wp\/v2\/users\/1"}],"replies":[{"embeddable":true,"href":"https:\/\/pcce.com.ar\/pcce\/wp-json\/wp\/v2\/comments?post=89"}],"version-history":[{"count":0,"href":"https:\/\/pcce.com.ar\/pcce\/wp-json\/wp\/v2\/posts\/89\/revisions"}],"wp:featuredmedia":[{"embeddable":true,"href":"https:\/\/pcce.com.ar\/pcce\/wp-json\/wp\/v2\/media\/137"}],"wp:attachment":[{"href":"https:\/\/pcce.com.ar\/pcce\/wp-json\/wp\/v2\/media?parent=89"}],"wp:term":[{"taxonomy":"category","embeddable":true,"href":"https:\/\/pcce.com.ar\/pcce\/wp-json\/wp\/v2\/categories?post=89"},{"taxonomy":"post_tag","embeddable":true,"href":"https:\/\/pcce.com.ar\/pcce\/wp-json\/wp\/v2\/tags?post=89"}],"curies":[{"name":"wp","href":"https:\/\/api.w.org\/{rel}","templated":true}]}}