{"id":917,"date":"2016-05-31T12:16:21","date_gmt":"2016-05-31T15:16:21","guid":{"rendered":"https:\/\/pcce.com.ar\/pcce\/?p=917"},"modified":"2016-06-15T06:08:55","modified_gmt":"2016-06-15T09:08:55","slug":"desindustrializacion-la-timba-en-alza","status":"publish","type":"post","link":"https:\/\/pcce.com.ar\/pcce\/2016\/05\/31\/desindustrializacion-la-timba-en-alza\/","title":{"rendered":"Desindustrializaci\u00f3n: la timba en alza"},"content":{"rendered":"<div class=\"story\">\n<h1 class=\"titulo-2\">Desindustrializaci\u00f3n:\u00a0la timba en alza<\/h1>\n<\/div>\n<div class=\"story\">\n<p class=\"capitular-texto-gral\">El gobierno fomenta la bicicleta financiera, la fuga de capitales y la mayor concentraci\u00f3n monop\u00f3lica, mientras desindustrializa y se opone a pol\u00edticas de reactivaci\u00f3n de PyMES, mercado interno, empleo y salarios.<\/p>\n<p class=\"capitular-texto-gral\">Las pol\u00edticas econ\u00f3micas de shock implementadas por el gobierno del ingeniero Macri han producido una baja significativa en los niveles de la producci\u00f3n local, y la recomposici\u00f3n de la rentabilidad, v\u00eda devaluaci\u00f3n, no alcanz\u00f3 para impulsar las tan mentadas inversiones de capital. En cambio, deterioraron fuertemente los dos componentes de la demanda que dinamizaban la producci\u00f3n y funcionaban como pol\u00edticas antic\u00edclicas en el contexto de la crisis econ\u00f3mica mundial y del principal socio comercial, Brasil: el consumo masivo y la inversi\u00f3n p\u00fablica. De hecho, la industria local registr\u00f3 en los \u00faltimos meses fuertes tensiones para sostener sus negocios debido a la ca\u00edda del mercado interno.<\/p>\n<p class=\"basic-paragraph\">De acuerdo a datos suministrados por la UIA, el estancamiento y ca\u00edda en el nivel de actividad fue casi generalizado. La industria experiment\u00f3 una contracci\u00f3n de 4,6% en el primer trimestre. Los datos de FIEL (la fundaci\u00f3n ultra liberal amiga del Pro) coinciden en afirmar el mal desempe\u00f1o fabril, con un alarmante rojo de 6,1% en abril con respecto al mismo mes del a\u00f1o anterior.<\/p>\n<p class=\"basic-paragraph\">La excepci\u00f3n se dio en el sector de alimentos, fundamentalmente la molienda de oleaginosas que debe su repunte a la megadevaluaci\u00f3n, y la industria qu\u00edmica. En el otro extremo se encuentra el sector automotriz, la producci\u00f3n de acero crudo y la producci\u00f3n de minerales no met\u00e1licos (cemento). Seg\u00fan la C\u00e1mara Argentina del Acero, la producci\u00f3n de acero crudo en el mes de abril de 2016 fue de 319.100 toneladas, un 16,9% inferior a la de abril de 2015 (383.800 toneladas). La producci\u00f3n acumulada del primer cuatrimestre de 2016 result\u00f3 un 17,2% inferior a la del mismo periodo del a\u00f1o anterior. Mayor a\u00fan fue la ca\u00edda en la construcci\u00f3n, que lleg\u00f3 al 22,7 por ciento en los cuatro primeros meses del a\u00f1o y que explica en parte la contracci\u00f3n de la producci\u00f3n de cemento y muchas otras ramas asociadas.<\/p>\n<p class=\"basic-paragraph\">Los cambios verificados en la composici\u00f3n del comercio exterior sugieren que estas cifras son las primeras alertas del cambio en la infraestructura y en el papel que la industria tendr\u00e1 en el nuevo modelo de acumulaci\u00f3n que el macrismo pretende imponer. Se advierte un ascenso en las importaciones de veh\u00edculos finales (44%) y bienes de consumo (6%), y una fuerte ca\u00edda de los insumos intermedios (-12%), combustibles y lubricantes (-16%), piezas y accesorios para bienes de capital (-2%), y bienes de capital (-1%). Adem\u00e1s de los autom\u00f3viles, entre los bienes que m\u00e1s aumentaron sus importaciones se encuentran juguetes, muebles, calzado y abonos, lo que representa un golpe mortal a las peque\u00f1as y medianas empresas.<\/p>\n<p class=\"basic-paragraph\">El enfriamiento de la econom\u00eda repercute en mayor medida en los rubros fabriles m\u00e1s dependientes del dinamismo del mercado interno y m\u00e1s sensibles al crecimiento de la importaci\u00f3n. El sector emblem\u00e1tico es el textil. La Fundaci\u00f3n Pro Tejer ya advirti\u00f3 que la producci\u00f3n sectorial cay\u00f3 un 25 por ciento en lo que va de 2016. Las PyMES est\u00e1n \u00edntimamente vinculadas con el mercado interno, que es alimentado por el salario, las jubilaciones y el gasto p\u00fablico.<\/p>\n<p class=\"basic-paragraph\">Las PyMES representan el 99 por ciento del universo empresarial, emplean al 70 por ciento de los trabajadores del pa\u00eds, representan el 45 por ciento de las ventas totales, el 65 por ciento de la inversi\u00f3n productiva y financian con fondos propios el 75 por ciento de esas inversiones. La conjunci\u00f3n de las pol\u00edticas econ\u00f3micas del macrismo es la que las pone al borde del abismo junto con los miles de puestos de trabajo: a la reducci\u00f3n del mercado interno, consecuencia de las medidas inflacionarias tomadas por el gobierno (devaluaci\u00f3n, quita de retenciones y tarifazo) se le agrega la apertura de las importaciones y el fin de las DJAI (Declaraci\u00f3n Jurada Anticipada de Importaciones), el aumento de los costos (principalmente debido a los aumentos de alquiler, de costos importados y de energ\u00eda) y la dificultad del acceso al cr\u00e9dito por el aumento desmesurado de las tasas de inter\u00e9s (que tambi\u00e9n implican un aumento del costo financiero por deudas tomadas a tasas variables).<\/p>\n<p class=\"basic-paragraph\">Ante este panorama, la salida que ofrecen las pol\u00edticas del gobierno de Macri para la industria es la de diversificar sus negocios: por un lado, reemplazando su producci\u00f3n nacional por productos importados, y, por otro lado, colocando sus activos a \u201ctrabajar\u201d en el mercado financiero, dadas las altas tasas de inter\u00e9s, como la compra de LEBAC ofrecidas por el gobierno a una tasa anual de alrededor del 36 por ciento. En cualquier caso, el modelo econ\u00f3mico que pretenden imponer es uno en el cual lo productivo tiene cada vez menos peso espec\u00edfico y donde el desempleo y precariedad laboral se vuelvan nuevamente estructural.<\/p>\n<p class=\"basic-paragraph\">Las se\u00f1ales ya est\u00e1n, lo que verdaderamente se incentiv\u00f3 en el primer bimestre del a\u00f1o fue la fuga de capitales: 3000 millones de d\u00f3lares mensuales, lo que constituye un 364% m\u00e1s que en el mismo periodo del a\u00f1o anterior. Se contuvo en marzo, cuando el Banco Central llev\u00f3 al 38 por ciento la tasa de las LEBACS, lo que promueve la especulaci\u00f3n financiera y aleja los capitales de la inversi\u00f3n.<\/p>\n<\/div>\n<p class=\"basic-paragraph\"><img loading=\"lazy\" decoding=\"async\" class=\"wp-image-919 size-full alignleft\" src=\"https:\/\/pcce.com.ar\/pcce\/wp-content\/uploads\/2016\/05\/arrow_glossy_down_red-1-e1464707599450.png\" alt=\"arrow_glossy_down_red (1)\" width=\"84\" height=\"180\" \/><\/p>\n<div class=\"story\">\n<p class=\"subt-not\">ACTIVIDAD INDUSTRIAL<\/p>\n<p class=\"copete-general\">La industria experiment\u00f3 una contracci\u00f3n de 4,6% en el primer trimestre. En abril, la actividad registr\u00f3 un retroceso del 6,1 por ciento con respecto al mismo mes del a\u00f1o anterior.<\/p>\n<p class=\"subt-not\">\u00a0CONSTRUCCI\u00d3N<\/p>\n<p class=\"copete-general\">La actividad de la construcci\u00f3n, entre diciembre de 2015 y marzo de 2016, tuvo una ca\u00edda del 22,7% en su nivel de actividad, de acuerdo con el \u00edndice Construya.<\/p>\n<p class=\"subt-not\">\u00a0OBRA P\u00daBLICA<\/p>\n<p class=\"copete-general\">Si se compara el promedio mensual de los gastos de capital realizados por el sector p\u00fablico nacional en los primeros meses del nuevo gobierno (diciembre de 2015 a febrero de 2016) con los correspondientes a enero-noviembre de 2015, se observa una ca\u00edda que alcanza el 21,8% en t\u00e9rminos nominales.<\/p>\n<p class=\"subt-not\">PyMES<\/p>\n<p class=\"copete-general\">Son 7000 que PyMES que atraviesan una situaci\u00f3n cr\u00edtica. Estas representan el 99 por ciento del universo empresarial, emplean al 70 por ciento de los asalariados, explican el 45 por ciento de las ventas totales, el 65 por ciento de la inversi\u00f3n productiva y financian con fondos propios el 75 por ciento de esas inversiones.<\/p>\n<p class=\"subt-not\">INDUSTRIA TEXTIL<\/p>\n<p class=\"copete-general\">El enfriamiento de la econom\u00eda repercute en mayor medida en los rubros fabriles m\u00e1s dependientes del dinamismo del mercado interno y m\u00e1s sensibles al crecimiento de la importaci\u00f3n. El sector emblem\u00e1tico es el textil. La Fundaci\u00f3n Pro Tejer ya advirti\u00f3 que la producci\u00f3n sectorial cay\u00f3 un 25 por ciento en lo que va de 2016.<\/p>\n<p class=\"subt-not\">SALARIOS<\/p>\n<p class=\"copete-general\">Por la devaluaci\u00f3n nominal del 60 por ciento y el fuerte aumento en las tarifas de servicios p\u00fablicos (da un \u00edndice anualizado de inflaci\u00f3n del 40,7 por ciento) se calcula una ca\u00edda del poder adquisitivo del salario del 12 por ciento y una fuerte retracci\u00f3n del consumo, que en abril fue del 6,6 por ciento interanual.<\/p>\n<p class=\"copete-general\"><img loading=\"lazy\" decoding=\"async\" class=\"wp-image-920 size-full alignleft\" src=\"https:\/\/pcce.com.ar\/pcce\/wp-content\/uploads\/2016\/05\/arrow_glossy_down_red-e1464707757183.png\" alt=\"arrow_glossy_down_red\" width=\"84\" height=\"180\" \/><\/p>\n<p class=\"subt-not\">FUGA DE CAPITALES<\/p>\n<p class=\"copete-general\">Lo que verdaderamente se incentiv\u00f3 en el primer bimestre del a\u00f1o fue la fuga de capitales: 3000 millones de d\u00f3lares mensuales, lo que constituye un 364% m\u00e1s que en el mismo periodo del a\u00f1o anterior.<\/p>\n<p class=\"subt-not\">TIMBA FINANCIERA<\/p>\n<p class=\"copete-general\">La salida que ofrecen las pol\u00edticas del gobierno de Macri para la industria es la de diversificar sus negocios: por un lado, reemplazando su producci\u00f3n nacional por productos importados, y, por otro lado, colocando sus activos a \u201ctrabajar\u201d en el mercado financiero, dadas las altas tasas de inter\u00e9s, como la compra de LEBAC ofrecidas por el BCRA a una tasa anual de alrededor del 36 por ciento.<\/p>\n<p class=\"subt-not\">IMPORTACIONES DE PRODUCTOS FINALES<\/p>\n<p class=\"subt-not\">Se advierte un ascenso en las importaciones de veh\u00edculos finales (44%) y bienes de consumo (6%), y una fuerte ca\u00edda de los insumos intermedios (-12%), combustibles y lubricantes (-16%), piezas y accesorios para bienes de capital (-2%), y bienes de capital (-1%).<\/p>\n<\/div>\n","protected":false},"excerpt":{"rendered":"<p>Desindustrializaci\u00f3n:\u00a0la timba en alza El gobierno fomenta la bicicleta financiera, la fuga de capitales y la mayor concentraci\u00f3n monop\u00f3lica, mientras desindustrializa y se opone a pol\u00edticas de reactivaci\u00f3n de PyMES, mercado interno, empleo y salarios. Las pol\u00edticas econ\u00f3micas de shock implementadas por el gobierno del ingeniero Macri han producido una baja significativa en los niveles [&hellip;]<\/p>\n","protected":false},"author":1,"featured_media":890,"comment_status":"closed","ping_status":"closed","sticky":false,"template":"","format":"standard","meta":{"tdm_status":"","tdm_grid_status":"","footnotes":""},"categories":[4,20],"tags":[],"class_list":["post-917","post","type-post","status-publish","format-standard","has-post-thumbnail","hentry","category-featured","category-numeroanterior"],"_links":{"self":[{"href":"https:\/\/pcce.com.ar\/pcce\/wp-json\/wp\/v2\/posts\/917","targetHints":{"allow":["GET"]}}],"collection":[{"href":"https:\/\/pcce.com.ar\/pcce\/wp-json\/wp\/v2\/posts"}],"about":[{"href":"https:\/\/pcce.com.ar\/pcce\/wp-json\/wp\/v2\/types\/post"}],"author":[{"embeddable":true,"href":"https:\/\/pcce.com.ar\/pcce\/wp-json\/wp\/v2\/users\/1"}],"replies":[{"embeddable":true,"href":"https:\/\/pcce.com.ar\/pcce\/wp-json\/wp\/v2\/comments?post=917"}],"version-history":[{"count":0,"href":"https:\/\/pcce.com.ar\/pcce\/wp-json\/wp\/v2\/posts\/917\/revisions"}],"wp:featuredmedia":[{"embeddable":true,"href":"https:\/\/pcce.com.ar\/pcce\/wp-json\/wp\/v2\/media\/890"}],"wp:attachment":[{"href":"https:\/\/pcce.com.ar\/pcce\/wp-json\/wp\/v2\/media?parent=917"}],"wp:term":[{"taxonomy":"category","embeddable":true,"href":"https:\/\/pcce.com.ar\/pcce\/wp-json\/wp\/v2\/categories?post=917"},{"taxonomy":"post_tag","embeddable":true,"href":"https:\/\/pcce.com.ar\/pcce\/wp-json\/wp\/v2\/tags?post=917"}],"curies":[{"name":"wp","href":"https:\/\/api.w.org\/{rel}","templated":true}]}}