{"id":932,"date":"2016-06-15T05:42:38","date_gmt":"2016-06-15T08:42:38","guid":{"rendered":"https:\/\/pcce.com.ar\/pcce\/?p=932"},"modified":"2016-06-15T05:42:38","modified_gmt":"2016-06-15T08:42:38","slug":"juan-jose-torres-general-proletario","status":"publish","type":"post","link":"https:\/\/pcce.com.ar\/pcce\/2016\/06\/15\/juan-jose-torres-general-proletario\/","title":{"rendered":"JUAN JOS\u00c9 TORRES: General proletario"},"content":{"rendered":"<div class=\"story\">\n<p class=\"basic-paragraph\">JUAN JOS\u00c9 TORRES<\/p>\n<\/div>\n<div class=\"story\">\n<h1 class=\"tit-pastillas\">General\u00a0proletario<\/h1>\n<p class=\"tit-pastillas\">El General Juan Jos\u00e9 Torres fue un militar y pol\u00edtico boliviano, presidente del hermano pa\u00eds del altiplano en 1970, asesinado el 2 de junio de 1976, hace 40 a\u00f1os, en la localidad de San Andr\u00e9s de Giles, Provincia de Buenos Aires, Argentina.<\/p>\n<\/div>\n<div class=\"story\">\n<p class=\"texto-general\">Nacido en Cochabamba en 1920, su vida fue la de un hijo del pueblo que abraz\u00f3 la carrera militar -como tanto latinoamericano de cuna humilde- un tanto por mandato familiar (su padre militar muri\u00f3 en la Guerra del Chaco entre Bolivia y Paraguay), un tanto por necesidad y otro tanto por ese leg\u00edtimo sentimiento de patriotismo popular secularmente usurpado y manipulado por la oligarqu\u00eda y el imperialismo dominantes.<\/p>\n<p class=\"texto-general\">En esa carrera, en 1967, tuvo el extra\u00f1o sino de llegar a ser Jefe de Estado Mayor de las Fuerzas Armadas de Bolivia y tener que asumir la responsabilidad institucional del combate a la guerrilla del Che. Pero por esas vueltas macondianas de la vida y la historia latinoamericana, el 7 de octubre de 1970 pas\u00f3 a encabezar un gobierno de izquierda antimperialista con base en sectores patri\u00f3ticos del ej\u00e9rcito, el movimiento campesino, el universitario y la Central Obrera Boliviana (COB).<\/p>\n<p class=\"texto-general\">En sus diez meses y medio de gobierno estableci\u00f3 relaciones fraternales con el Chile de Salvador Allende, con Cuba, la Uni\u00f3n Sovi\u00e9tica y el campo socialista; expuls\u00f3 del territorio nacional a las misiones militares y de inteligencia norteamericanas; se nacionalizaron los resortes claves de la econom\u00eda y se ampliaron los derechos civiles, pol\u00edticos y sociales del pueblo boliviano.<\/p>\n<p class=\"texto-general\">Fue derrocado el 21 de agosto de 1971 por un Golpe fascista encabezado por el coronel Hugo Banzer Su\u00e1rez, con apoyo de la burgues\u00eda brasile\u00f1a, la comunidad alemana de Bolivia, la Embajada norteamericana y la CIA.<\/p>\n<p class=\"texto-general\">Se exili\u00f3 en Per\u00fa, Chile y la Argentina. Aqu\u00ed lo encontrar\u00eda la muerte perpetrada en el marco de los cr\u00edmenes coordinados por la CIA y las dictaduras (\u201cPlan C\u00f3ndor\u201d).<\/p>\n<p class=\"texto-general\">Sus restos fueron repatriados en 1983, a iniciativa de la COB, por el gobierno del presidente Hern\u00e1n Siles Suazo (1982\/1985) y la Unidad Democr\u00e1tica Popular (UDP) integrada por el Movimiento Nacionalista Revolucionario de Izquierda (MNRI), el Partido Comunista de Bolivia (PCB), el Movimiento de Izquierda Revolucionaria (MIR) y otros.<\/p>\n<p class=\"texto-general\">Rodolfo Walsh, que lo conoci\u00f3 y entrevist\u00f3 en 1970, hab\u00eda definido a Juan Jos\u00e9 Torres, en una nota de la revista Panorama (20\/10\/1970), como \u201cEl General proletario\u201d.<\/p>\n<p class=\"texto-general\">R.G.M.<\/p>\n<\/div>\n","protected":false},"excerpt":{"rendered":"<p>JUAN JOS\u00c9 TORRES General\u00a0proletario El General Juan Jos\u00e9 Torres fue un militar y pol\u00edtico boliviano, presidente del hermano pa\u00eds del altiplano en 1970, asesinado el 2 de junio de 1976, hace 40 a\u00f1os, en la localidad de San Andr\u00e9s de Giles, Provincia de Buenos Aires, Argentina. Nacido en Cochabamba en 1920, su vida fue la [&hellip;]<\/p>\n","protected":false},"author":1,"featured_media":938,"comment_status":"closed","ping_status":"closed","sticky":false,"template":"","format":"standard","meta":{"tdm_status":"","tdm_grid_status":"","footnotes":""},"categories":[17],"tags":[],"class_list":["post-932","post","type-post","status-publish","format-standard","has-post-thumbnail","hentry","category-contratapa"],"_links":{"self":[{"href":"https:\/\/pcce.com.ar\/pcce\/wp-json\/wp\/v2\/posts\/932","targetHints":{"allow":["GET"]}}],"collection":[{"href":"https:\/\/pcce.com.ar\/pcce\/wp-json\/wp\/v2\/posts"}],"about":[{"href":"https:\/\/pcce.com.ar\/pcce\/wp-json\/wp\/v2\/types\/post"}],"author":[{"embeddable":true,"href":"https:\/\/pcce.com.ar\/pcce\/wp-json\/wp\/v2\/users\/1"}],"replies":[{"embeddable":true,"href":"https:\/\/pcce.com.ar\/pcce\/wp-json\/wp\/v2\/comments?post=932"}],"version-history":[{"count":0,"href":"https:\/\/pcce.com.ar\/pcce\/wp-json\/wp\/v2\/posts\/932\/revisions"}],"wp:featuredmedia":[{"embeddable":true,"href":"https:\/\/pcce.com.ar\/pcce\/wp-json\/wp\/v2\/media\/938"}],"wp:attachment":[{"href":"https:\/\/pcce.com.ar\/pcce\/wp-json\/wp\/v2\/media?parent=932"}],"wp:term":[{"taxonomy":"category","embeddable":true,"href":"https:\/\/pcce.com.ar\/pcce\/wp-json\/wp\/v2\/categories?post=932"},{"taxonomy":"post_tag","embeddable":true,"href":"https:\/\/pcce.com.ar\/pcce\/wp-json\/wp\/v2\/tags?post=932"}],"curies":[{"name":"wp","href":"https:\/\/api.w.org\/{rel}","templated":true}]}}