{"id":958,"date":"2016-06-15T05:58:35","date_gmt":"2016-06-15T08:58:35","guid":{"rendered":"https:\/\/pcce.com.ar\/pcce\/?p=958"},"modified":"2016-06-25T01:24:02","modified_gmt":"2016-06-25T04:24:02","slug":"se-profundiza-la-ola-de-despidos-y-suspensiones","status":"publish","type":"post","link":"https:\/\/pcce.com.ar\/pcce\/2016\/06\/15\/se-profundiza-la-ola-de-despidos-y-suspensiones\/","title":{"rendered":"Se profundiza la ola de despidos y suspensiones"},"content":{"rendered":"<div class=\"story\">\n<h1 class=\"copete-general\">Se profundiza la ola de despidos y suspensiones<\/h1>\n<p class=\"copete-general\">Desde que asumi\u00f3 la Alianza Cambiemos, la r\u00e1faga de medidas neoliberales y antipopulares han llevado a la p\u00e9rdida de innumerables puestos de trabajo y a la ca\u00edda del salario real como no se ve\u00eda en m\u00e1s de una d\u00e9cada.<\/p>\n<\/div>\n<div class=\"story\">\n<p class=\"capitular-texto-gral\">El 20 de mayo el ingeniero Macri vet\u00f3 la Ley de Emergencia Laboral. Eligi\u00f3 para anunciarlo la f\u00e1brica recuperada Cresta Roja y festej\u00f3 la reincorporaci\u00f3n por tres meses de 1300 de los 3500 trabajadores despedidos, mediante contratos precarios, reducci\u00f3n de salarios y sin respetar antig\u00fcedad. Otro de los grandes anuncios, que lo tuvo como protagonista, fue el acuerdo con Mc Donald\u00b4s para que 5000 j\u00f3venes trabajen por un salario por debajo del m\u00ednimo, vital y m\u00f3vil. Todo un s\u00edmbolo de la Argentina que nos traen y una respuesta pol\u00edtica a la emergencia laboral.<\/p>\n<p class=\"basic-paragraph\">De la estigmatizaci\u00f3n de las trabajadoras y trabajadores p\u00fablicos &#8211; \u00f1oquis, grasa militante y vagos &#8211; a Gonz\u00e1lez Fraga y su empleado medio hay una continuidad que marca el ideario y la praxis del macrismo. En la Argentina de \u201cCambiemos\u201d la redistribuci\u00f3n se inclina hacia la porci\u00f3n m\u00e1s poderosa del trabajo a expensas del nivel y la calidad de vida de los sectores medios y bajos, a favor de la rentabilidad de las patronales del campo y del capital concentrado.<\/p>\n<p class=\"basic-paragraph\">No hay deslizamiento, es un solo movimiento que comenz\u00f3 con el despido masivo de empleados p\u00fablicos y que sirvi\u00f3 como se\u00f1al de largada para el desangre de los trabajadores en su conjunto.<\/p>\n<p class=\"basic-paragraph\">El nuevo modelo de acumulaci\u00f3n necesita un nuevo modelo de redistribuci\u00f3n, los que la levantaron en pala durante esta d\u00e9cada pretend\u00edan levantarla en tractor para llevarla en conteiner a Panam\u00e1. El ingeniero Macri vino cumplir su anhelo de clase.<\/p>\n<p class=\"basic-paragraph\">En los primeros meses de gobierno, el salario real ha registrado una ca\u00edda muy fuerte por el shock inflacionario provocado por la megadevaluaci\u00f3n, alrededor del 12,1 por ciento hasta marzo antes del tarifazo. Solo en marzo, 19.424 personas perdieron su trabajo y 8.083 fueron suspendidas. Los 19.424 de marzo representan un incremento del 95 por ciento con respecto al mismo periodo de 2015. Las 8.083 suspensiones representan un incremento de 16 veces al de marzo de 2015 y se localizaron principalmente en la industria sidero-metal\u00fargica, automotriz, qu\u00edmica y alimenticia. En el trimestre (enero, febrero y marzo) las suspensiones sumaron 27.588, arrojando un aumento de 8 veces frente a similar per\u00edodo del a\u00f1o anterior. Dos tercios de los despedidos se localizaron en el sector privado, en la construcci\u00f3n representaron el 44 por ciento del total. Un tercio restante tuvo lugar en el sector p\u00fablico, en la administraci\u00f3n nacional, en el Congreso, organismos p\u00fablicos, salud y municipios.<\/p>\n<p class=\"basic-paragraph\">En el acumulado del a\u00f1o, el informe de la consultora Tendencia econ\u00f3mica contabiliza 154.570 trabajadores despedidos y otros 47.933 suspendidos, de los cuales los empleados estatales suman unas 33 mil personas entre el Estado nacional, las provincias y los municipios. El sector de la construcci\u00f3n, a trav\u00e9s de la UOCRA, denuncia que hubo un total de 40 mil despedidos.<\/p>\n<p class=\"basic-paragraph\">Las PyMES, comercios y el resto de las ramas industriales est\u00e1n afectados por la fuerte ca\u00edda del consumo interno (debido a la ca\u00edda del salario, inflaci\u00f3n y conflictividad laboral), el incremento del cr\u00e9dito bancario, el tarifazo a los servicios y el mayor ingreso de importaciones: todo esto las coloca en peligro de quiebra a muchas de ellas. El \u00fanico sector de la producci\u00f3n de bienes beneficiado por el macrismo es el agropecuario, que se caracteriza por utilizar poca mano de obra. El empleo informal, que no cuenta con la protecci\u00f3n de la indemnizaci\u00f3n y la organizaci\u00f3n gremial, se encuentra en peores condiciones.<\/p>\n<p class=\"basic-paragraph\">La convergencia de ca\u00edda de salarios, p\u00e9rdida de puestos de trabajo y suspensiones, como no se ve\u00eda desde hace m\u00e1s de una d\u00e9cada, est\u00e1 creando una conflictividad social y laboral que va creciendo. El informe de Tendencias Econ\u00f3micas afirma que los conflictos laborales en el pa\u00eds aumentaron un 400 por ciento en mayo pasado en comparaci\u00f3n con el mismo mes de 2015, lo que representa unos 3.304.050 asalariados en huelgas u otras protestas sindicales durante el quinto mes de 2016, mientras que en el mismo per\u00edodo de 2014 s\u00f3lo hicieron lo propio 642.950 personas.<\/p>\n<p class=\"basic-paragraph\">El macrismo pretendi\u00f3 cerrar las paritarias con un 25 por ciento de aumento, pero la resistencia de los trabajadores, que desbordaron a las dirigencias sindicales complacientes y dispuestas a cambiar derechos por caja, permiti\u00f3 que el techo que se pretend\u00eda imponer se rompiera. Si bien por debajo de la inflaci\u00f3n, en general las paritarias cerraron por encima de la magra propuesta del gobierno.<\/p>\n<p class=\"basic-paragraph\">El 2 de junio unos 40.000 trabajadores se movilizaron contra los despidos a Plaza de Mayo adhiriendo a la convocatoria de las dos CTA (Yasky &#8211; Micheli) contra la pol\u00edtica de ajuste y el veto de la ley antidespidos. Un dato de la jornada fue la participaci\u00f3n de un grupo de sindicatos de la CGT que se sumaron a la movilizaci\u00f3n diferenci\u00e1ndose de Moyano, Cal\u00f3 y el empresario gastron\u00f3mico Luis Barrionuevo. En el escenario se destacaron la presencia de sindicalistas que no est\u00e1n ligados a la CTA como V\u00edctor Santa Mar\u00eda (Suterh), Walter Correa (Curtidores), las seccionales de La Matanza y Quilmes de la UOM y dirigentes de La Bancaria. Bajo la lluvia, a pesar del fr\u00edo, las nutridas columnas de los gremios estatales y docentes, partidos (entre ellos el PCCE) y movimientos pol\u00edticos y sociales, cooperativas y PyMEs se manifestaron en contra de la pol\u00edtica del gobierno. En ese marco, se llam\u00f3 a la unidad en la acci\u00f3n y en la lucha de las dos centrales sindicales, de la CGT y de los trabajadores en su conjunto para construir la resistencia que requiere el momento.<\/p>\n<\/div>\n<div class=\"story\">\n<p><span style=\"color: #00a2ff;\"><strong>154.570 trabajadores despedidos y otros 47.933 suspendidos.<\/strong><\/span><\/p>\n<p><span style=\"color: #00a2ff;\"><strong>127.000 fueron los despidos en el primer trimestre del a\u00f1o.<\/strong><\/span><\/p>\n<p><span style=\"color: #00a2ff;\"><strong>S\u00f3lo en marzo 19.424 personas perdieron su trabajo y 8.083 fueron suspendidas. Los m\u00e1s de 19 mil despedidos representan un incremento del 95% con respecto al mismo periodo de 2015.<\/strong><\/span><\/p>\n<p><span style=\"color: #00a2ff;\"><strong>Ca\u00edda del salario del 12,1% hasta marzo de 2016.<\/strong><\/span><\/p>\n<p><span style=\"color: #00a2ff;\"><strong>En el primer trimestre las suspensiones suman 27.588, arrojando un aumento de 8 veces frente a similar per\u00edodo del a\u00f1o anterior.<\/strong><\/span><\/p>\n<p><span style=\"color: #00a2ff;\"><strong>15.174 cesant\u00edas en el mes de mayo, despu\u00e9s del veto de la ley antidespidos.<\/strong><\/span><\/p>\n<\/div>\n","protected":false},"excerpt":{"rendered":"<p>Se profundiza la ola de despidos y suspensiones Desde que asumi\u00f3 la Alianza Cambiemos, la r\u00e1faga de medidas neoliberales y antipopulares han llevado a la p\u00e9rdida de innumerables puestos de trabajo y a la ca\u00edda del salario real como no se ve\u00eda en m\u00e1s de una d\u00e9cada. El 20 de mayo el ingeniero Macri vet\u00f3 [&hellip;]<\/p>\n","protected":false},"author":1,"featured_media":935,"comment_status":"closed","ping_status":"closed","sticky":false,"template":"","format":"standard","meta":{"tdm_status":"","tdm_grid_status":"","footnotes":""},"categories":[4,20],"tags":[],"class_list":["post-958","post","type-post","status-publish","format-standard","has-post-thumbnail","hentry","category-featured","category-numeroanterior"],"_links":{"self":[{"href":"https:\/\/pcce.com.ar\/pcce\/wp-json\/wp\/v2\/posts\/958","targetHints":{"allow":["GET"]}}],"collection":[{"href":"https:\/\/pcce.com.ar\/pcce\/wp-json\/wp\/v2\/posts"}],"about":[{"href":"https:\/\/pcce.com.ar\/pcce\/wp-json\/wp\/v2\/types\/post"}],"author":[{"embeddable":true,"href":"https:\/\/pcce.com.ar\/pcce\/wp-json\/wp\/v2\/users\/1"}],"replies":[{"embeddable":true,"href":"https:\/\/pcce.com.ar\/pcce\/wp-json\/wp\/v2\/comments?post=958"}],"version-history":[{"count":0,"href":"https:\/\/pcce.com.ar\/pcce\/wp-json\/wp\/v2\/posts\/958\/revisions"}],"wp:featuredmedia":[{"embeddable":true,"href":"https:\/\/pcce.com.ar\/pcce\/wp-json\/wp\/v2\/media\/935"}],"wp:attachment":[{"href":"https:\/\/pcce.com.ar\/pcce\/wp-json\/wp\/v2\/media?parent=958"}],"wp:term":[{"taxonomy":"category","embeddable":true,"href":"https:\/\/pcce.com.ar\/pcce\/wp-json\/wp\/v2\/categories?post=958"},{"taxonomy":"post_tag","embeddable":true,"href":"https:\/\/pcce.com.ar\/pcce\/wp-json\/wp\/v2\/tags?post=958"}],"curies":[{"name":"wp","href":"https:\/\/api.w.org\/{rel}","templated":true}]}}